{"id":15329,"date":"2025-06-20T07:55:08","date_gmt":"2025-06-20T11:55:08","guid":{"rendered":"https:\/\/agromt.news\/?p=15329"},"modified":"2025-06-20T07:55:08","modified_gmt":"2025-06-20T11:55:08","slug":"cursos-gratuitos-para-empreender-e-turbinar-a-competitividade-do-seu-negocio","status":"publish","type":"post","link":"https:\/\/agromt.news\/?p=15329","title":{"rendered":"Cursos gratuitos para empreender e turbinar a competitividade do seu neg\u00f3cio"},"content":{"rendered":"<p> <br \/>\n<br \/><img decoding=\"async\" src=\"https:\/\/agromt.news\/wp-content\/uploads\/2025\/06\/Cursos-gratuitos-para-empreender-e-turbinar-a-competitividade-do-seu.png\" \/><\/p>\n<div>\n<p>Quer tirar sua ideia do papel, vender mais ou liderar com mais efici\u00eancia? O <a href=\"https:\/\/es.agenciasebrae.com.br\/cultura-empreendedora\/mais-de-30-capacitacoes-gratuitas-para-se-destacar-no-mercado\/\">Sebrae\/ES <\/a>preparou uma programa\u00e7\u00e3o especial de cursos para o m\u00eas de junho.<\/p>\n<p>As <a href=\"https:\/\/www.canalrural.com.br\/empreendedorismo\/capacitacao-e-planejamento-financeiro-impulsionam-produtora-rural-a-crescer\/\">capacita\u00e7\u00f5es <\/a>s\u00e3o presenciais e online, voltadas para quem j\u00e1 empreende ou pretende come\u00e7ar agora. Os temas v\u00e3o desde \u2018Como se tornar um MEI\u2019, at\u00e9 \u2018Empretec o Caminho para o Sucesso\u2019.<\/p>\n<p>Al\u00e9m disso, a iniciativa \u00e9 uma oportunidade para desenvolver habilidades em \u00e1reas como<a href=\"https:\/\/www.canalrural.com.br\/empreendedorismo\/conheca-socol-embutido-com-sabor-autentico-da-imigracao-italiana\/\"> administra\u00e7\u00e3o, <\/a>marketing, turismo, vendas e finan\u00e7as \u2014 tudo com foco em tornar sua empresa mais competitiva no mercado.<\/p>\n<ul class=\"wp-block-list\">\n<li>Participe do Porteira Aberta Empreender: envie perguntas, sugest\u00f5es e conte sua hist\u00f3ria de empreendedorismo pelo\u00a0<a href=\"https:\/\/api.whatsapp.com\/send?phone=5511932796720&amp;PorteiraAbertaEmpreender=SuaMensagem\">WhatsApp<\/a><\/li>\n<\/ul>\n<h2 class=\"wp-block-heading\" id=\"h-capacitacoes-gratuitas-sebrae-es\">Capacita\u00e7\u00f5es Gratuitas \u2013 Sebrae\/ES<\/h2>\n<p><strong>Como se Tornar um MEI<\/strong> <\/p>\n<p>Linhares | 24\/6 | 9h | <a href=\"https:\/\/es.loja.sebrae.com.br\/como-se-tornar-um-mei-333743896\">Acesse aqui<\/a><\/p>\n<p>Guarapari | 25\/6 | 9h | <a href=\"https:\/\/es.loja.sebrae.com.br\/como-se-tornar-um-mei-333772159\">Acesse aqui <\/a><\/p>\n<p><strong>Empretec o Caminho para o Sucesso<\/strong><\/p>\n<p>Nova Ven\u00e9cia | 24\/6 | 18h | <a href=\"https:\/\/es.loja.sebrae.com.br\/empretec-o-caminho-para-o-sucesso-333802937\">Acesse aqui<\/a><\/p>\n<p><strong>Fa\u00e7a do atendimento uma \u00f3tima experi\u00eancia<\/strong> (Presencial \/ Remoto ao vivo)<\/p>\n<p>Serra | 25\/6 | 8h30 | <a href=\"https:\/\/es.loja.sebrae.com.br\/faca-do-atendimento-uma-otima-experiencia-333792548\">Acesse aqui <\/a><\/p>\n<p><strong>Fa\u00e7a marketing digital bem-feito no seu neg\u00f3cio<\/strong><\/p>\n<\/div>\n<div>\n<p>Linhares | 25\/6 | 18h | <a href=\"https:\/\/es.loja.sebrae.com.br\/faca-marketing-digital-bem-feito-no-seu-negocio-333753570\">Acesse aqui <\/a><\/p>\n<p><strong>As Novas Compet\u00eancias do Profissional do Futuro<\/strong><\/p>\n<p>Vit\u00f3ria | 25\/6 | 8h15 | <a href=\"https:\/\/es.loja.sebrae.com.br\/as-novas-competencias-do-profissional-do-futuro-333752109\">Acesse aqui <\/a><\/p>\n<p><strong>Potencialize seu neg\u00f3cio com o Turismo de Experi\u00eancia<\/strong><\/p>\n<p>Venda Nova Imigrante | 25\/6 | 19h | <a href=\"https:\/\/es.loja.sebrae.com.br\/potencialize-seu-negocio-com-o-turismo-de-experiencia-333902982\">Acesse aqui<\/a> <\/p>\n<p><strong>Inbook 2 \u2013 Storytelling<\/strong><\/p>\n<p>Remoto | 16\/6 | 14h | <a href=\"https:\/\/es.loja.sebrae.com.br\/inbook-2-storytelling-333792575\">Acesse aqui <\/a><\/p>\n<p><strong>Sebrae Conecta: de finan\u00e7as a oportunidades<\/strong><\/p>\n<p>Vila Velha | 30\/6 | 9h | <a href=\"https:\/\/es.loja.sebrae.com.br\/sebrae-conecta-de-financas-a-oportunidades-333879897\">Acesse aqui<\/a><\/p>\n<p><strong>Forma\u00e7\u00e3o do Pre\u00e7o de Venda para o Com\u00e9rcio<\/strong><\/p>\n<p>Serra | 30\/6 | 13h | <a href=\"https:\/\/es.loja.sebrae.com.br\/formacao-do-preco-de-venda-para-o-comercio-333792612\">Acesse aqui <\/a><\/p>\n<\/p><\/div>\n<p><br \/>\n<br \/><a href=\"https:\/\/www.canalrural.com.br\/empreendedorismo\/cursos-gratuitos-para-empreender-e-turbinar-a-competitividade-do-seu-negocio\/\">Source link <\/a><\/p>\n","protected":false},"excerpt":{"rendered":"<p>Quer tirar sua ideia do papel, vender mais ou liderar com mais efici\u00eancia? O Sebrae\/ES preparou uma programa\u00e7\u00e3o especial de<\/p>\n","protected":false},"author":1,"featured_media":15330,"comment_status":"open","ping_status":"open","sticky":false,"template":"","format":"standard","meta":{"_monsterinsights_skip_tracking":false,"_monsterinsights_sitenote_active":false,"_monsterinsights_sitenote_note":"","_monsterinsights_sitenote_category":0,"_uf_show_specific_survey":0,"_uf_disable_surveys":false,"footnotes":""},"categories":[1],"tags":[],"class_list":["post-15329","post","type-post","status-publish","format-standard","has-post-thumbnail","hentry","category-news"],"_links":{"self":[{"href":"https:\/\/agromt.news\/index.php?rest_route=\/wp\/v2\/posts\/15329"}],"collection":[{"href":"https:\/\/agromt.news\/index.php?rest_route=\/wp\/v2\/posts"}],"about":[{"href":"https:\/\/agromt.news\/index.php?rest_route=\/wp\/v2\/types\/post"}],"author":[{"embeddable":true,"href":"https:\/\/agromt.news\/index.php?rest_route=\/wp\/v2\/users\/1"}],"replies":[{"embeddable":true,"href":"https:\/\/agromt.news\/index.php?rest_route=%2Fwp%2Fv2%2Fcomments&post=15329"}],"version-history":[{"count":0,"href":"https:\/\/agromt.news\/index.php?rest_route=\/wp\/v2\/posts\/15329\/revisions"}],"wp:featuredmedia":[{"embeddable":true,"href":"https:\/\/agromt.news\/index.php?rest_route=\/wp\/v2\/media\/15330"}],"wp:attachment":[{"href":"https:\/\/agromt.news\/index.php?rest_route=%2Fwp%2Fv2%2Fmedia&parent=15329"}],"wp:term":[{"taxonomy":"category","embeddable":true,"href":"https:\/\/agromt.news\/index.php?rest_route=%2Fwp%2Fv2%2Fcategories&post=15329"},{"taxonomy":"post_tag","embeddable":true,"href":"https:\/\/agromt.news\/index.php?rest_route=%2Fwp%2Fv2%2Ftags&post=15329"}],"curies":[{"name":"wp","href":"https:\/\/api.w.org\/{rel}","templated":true}]}}