{"id":15322,"date":"2025-06-20T00:14:19","date_gmt":"2025-06-20T04:14:19","guid":{"rendered":"https:\/\/agromt.news\/?p=15322"},"modified":"2025-06-20T00:14:19","modified_gmt":"2025-06-20T04:14:19","slug":"transito-na-br-287-sofre-bloqueios-apos-cratera-abrir-cabeceira-de-ponte-no-rs","status":"publish","type":"post","link":"https:\/\/agromt.news\/?p=15322","title":{"rendered":"Tr\u00e2nsito na BR-287 sofre bloqueios ap\u00f3s cratera abrir cabeceira de ponte no RS"},"content":{"rendered":"<p> <br \/>\n<\/p>\n<div>\n<div class=\"row\">\n<div class=\"col-lg col-infos mt-0 mt-lg-0\">\n<div class=\"section-sub-title\">\n<p itemprop=\"description\">&#13;<br \/>\n                                Volume elevado das \u00e1guas do Arroio Divisa causou a abertura de uma cratera &#13;\n                            <\/p>\n<\/p><\/div>\n<div class=\"container\">\n<div class=\"row\">\n<div class=\"col-lg p-0\">\n<div>\n<div class=\"block-news-main-infos mt-3 text-start\">\n<p>                                            <strong class=\"fn\" itemprop=\"author\" style=\"color: rgb(112, 112, 112); \">&#13;<br \/>\n                                                <a href=\"https:\/\/www.agrolink.com.br\/noticias\/javascript:;\" class=\"text-uppercase\" target=\"_blank\" style=\"color: rgb(112, 112, 112); \" rel=\"noopener\">Agrolink<\/a>&#13;<br \/>\n&#13;<br \/>\n                                                    &#8211; Aline Merladete&#13;<br \/>\n&#13;<br \/>\n                                            <\/strong><br \/>\n                                        <\/p>\n<p>                                            <abbr><time datetime=\"2025-06-19T07:10\" itemprop=\"datePublished dateModified\">Publicado em 19\/06\/2025 \u00e0s 07:10h.<\/time><\/abbr><br \/>\n                                            <\/p><\/div>\n<\/p><\/div>\n<\/p><\/div>\n<div class=\"col-lg p-0 text-lg-end\">\n<div>\n<div id=\"mdEnviarPagina\" class=\"modal fade\" role=\"dialog\">\n<div class=\"modal-dialog\">\n<div class=\"modal-content\">\n<div class=\"modal-body\">\n<p><strong>Estimado usu\u00e1rio.<\/strong><br \/>Preencha o formul\u00e1rio abaixo para remeter a p\u00e1gina.<\/p>\n<\/p><\/div>\n<\/p><\/div>\n<\/p><\/div>\n<\/div><\/div>\n<\/p><\/div>\n<\/p><\/div>\n<\/p><\/div>\n<\/p><\/div>\n<\/p><\/div>\n<div class=\"row justify-content-md-center mt-3\">\n<div class=\"col-lg-auto col-image block-news-main-image\">\n<p>                                <img decoding=\"async\" src=\"https:\/\/www.agrolink.com.br\/upload\/imagens-resizes\/45dc5653924f4c278197e2a3ac0a4248_858x483.jpg\" class=\"lazyload img-fluid\"\/><br \/>\n                                                <span class=\"publicity-photo d-block mt-1\">Foto:  Dnit<\/span><\/p><\/div>\n<\/p><\/div>\n<div class=\"section-description section-description-noticias mt-3\">\n<p style=\"text-align:justify\">O tr\u00e1fego na BR-287 foi interrompido na manh\u00e3 desta ter\u00e7a-feira (17) ap\u00f3s o rompimento de uma das cabeceiras da ponte que conecta os munic\u00edpios de Jaguari e S\u00e3o Vicente do Sul, na Regi\u00e3o Central do Rio Grande do Sul.<\/p>\n<p style=\"text-align:justify\">Segundo informa\u00e7\u00f5es divulgadas pelo Di\u00e1rio de Santa Maria, o volume elevado das \u00e1guas do Arroio Divisa causou a abertura de uma cratera em uma das cabeceiras da estrutura. A outra lateral da ponte tamb\u00e9m apresentou rachaduras preocupantes, comprometendo a seguran\u00e7a no local.&#13;\n<\/p>\n<p style=\"text-align:justify\">Ao longo do dia, equipes t\u00e9cnicas trabalharam para restabelecer o tr\u00e1fego. No fim da tarde, o trecho foi parcialmente liberado sob sistema de pare e siga, permitindo a passagem alternada de ve\u00edculos em ambos os sentidos.<\/p>\n<p style=\"text-align:justify\">A expectativa, conforme t\u00e9cnicos do Departamento Nacional de Infraestrutura de Transportes (Dnit), era de que o tr\u00e1fego fosse normalizado completamente at\u00e9 o fim da noite desta ter\u00e7a-feira, caso as condi\u00e7\u00f5es clim\u00e1ticas permitissem a conclus\u00e3o dos reparos emergenciais.&#13;\n<\/p>\n<p style=\"text-align:justify\">Enquanto isso, o Dnit orienta os motoristas que preferirem evitar o ponto de bloqueio a utilizarem uma rota alternativa pelas rodovias RS-241 e RS-377, retornando \u00e0 BR-287 pelo munic\u00edpio de S\u00e3o Francisco de Assis.<\/p>\n<\/p><\/div>\n<\/p><\/div>\n<p><script data-cfasync=\"false\">\n    !function (f, b, e, v, n, t, s) {\n        if (f.fbq) return; n = f.fbq = function () {\n            n.callMethod ?\n                n.callMethod.apply(n, arguments) : n.queue.push(arguments)\n        };\n        if (!f._fbq) f._fbq = n; n.push = n; n.loaded = !0; n.version = '2.0';\n        n.queue = []; t = b.createElement(e); t.async = !0;\n        t.src = v; s = b.getElementsByTagName(e)[0];\n        s.parentNode.insertBefore(t, s)\n    }(window, document, 'script',\n        'https:\/\/connect.facebook.net\/en_US\/fbevents.js');\n    fbq('init', '522546078623747');\n    fbq('track', 'PageView');\n<\/script><br \/>\n<br \/><br \/>\n<br \/><a href=\"https:\/\/www.agrolink.com.br\/noticias\/transito-na-br-287-sofre-bloqueios-apos-cratera-abrir-cabeceira-de-ponte-no-rs_503055.html\">Source link <\/a><\/p>\n","protected":false},"excerpt":{"rendered":"<p>&#13; Volume elevado das \u00e1guas do Arroio Divisa causou a abertura de uma cratera &#13; &#13; Agrolink&#13; &#13; &#8211; Aline<\/p>\n","protected":false},"author":1,"featured_media":15323,"comment_status":"open","ping_status":"open","sticky":false,"template":"","format":"standard","meta":{"_monsterinsights_skip_tracking":false,"_monsterinsights_sitenote_active":false,"_monsterinsights_sitenote_note":"","_monsterinsights_sitenote_category":0,"_uf_show_specific_survey":0,"_uf_disable_surveys":false,"footnotes":""},"categories":[8,1,14],"tags":[],"class_list":["post-15322","post","type-post","status-publish","format-standard","has-post-thumbnail","hentry","category-agro","category-news","category-politica-agro"],"_links":{"self":[{"href":"https:\/\/agromt.news\/index.php?rest_route=\/wp\/v2\/posts\/15322"}],"collection":[{"href":"https:\/\/agromt.news\/index.php?rest_route=\/wp\/v2\/posts"}],"about":[{"href":"https:\/\/agromt.news\/index.php?rest_route=\/wp\/v2\/types\/post"}],"author":[{"embeddable":true,"href":"https:\/\/agromt.news\/index.php?rest_route=\/wp\/v2\/users\/1"}],"replies":[{"embeddable":true,"href":"https:\/\/agromt.news\/index.php?rest_route=%2Fwp%2Fv2%2Fcomments&post=15322"}],"version-history":[{"count":0,"href":"https:\/\/agromt.news\/index.php?rest_route=\/wp\/v2\/posts\/15322\/revisions"}],"wp:featuredmedia":[{"embeddable":true,"href":"https:\/\/agromt.news\/index.php?rest_route=\/wp\/v2\/media\/15323"}],"wp:attachment":[{"href":"https:\/\/agromt.news\/index.php?rest_route=%2Fwp%2Fv2%2Fmedia&parent=15322"}],"wp:term":[{"taxonomy":"category","embeddable":true,"href":"https:\/\/agromt.news\/index.php?rest_route=%2Fwp%2Fv2%2Fcategories&post=15322"},{"taxonomy":"post_tag","embeddable":true,"href":"https:\/\/agromt.news\/index.php?rest_route=%2Fwp%2Fv2%2Ftags&post=15322"}],"curies":[{"name":"wp","href":"https:\/\/api.w.org\/{rel}","templated":true}]}}