{"id":15321,"date":"2025-06-19T22:17:52","date_gmt":"2025-06-20T02:17:52","guid":{"rendered":"https:\/\/agromt.news\/?p=15321"},"modified":"2025-06-19T22:17:52","modified_gmt":"2025-06-20T02:17:52","slug":"rs-tem-mais-um-dia-de-chuvas-e-alerta-de-inundacao","status":"publish","type":"post","link":"https:\/\/agromt.news\/?p=15321","title":{"rendered":"RS tem mais um dia de chuvas e alerta de inunda\u00e7\u00e3o"},"content":{"rendered":"<p> <br \/>\n<\/p>\n<div>\n<div class=\"row\">\n<div class=\"col-lg col-infos mt-0 mt-lg-0\">\n<div class=\"section-sub-title\">\n<p itemprop=\"description\">&#13;<br \/>\n                                O\u00a0tempo inst\u00e1vel deve persistir at\u00e9 o fim da semana&#13;\n                            <\/p>\n<\/p><\/div>\n<div class=\"container\">\n<div class=\"row\">\n<div class=\"col-lg p-0\">\n<div>\n<div class=\"block-news-main-infos mt-3 text-start\">\n<p>                                            <strong class=\"fn\" itemprop=\"author\" style=\"color: rgb(112, 112, 112); \">&#13;<br \/>\n                                                <a href=\"https:\/\/www.agrolink.com.br\/noticias\/javascript:;\" class=\"text-uppercase\" target=\"_blank\" style=\"color: rgb(112, 112, 112); \" rel=\"noopener\">Agrolink<\/a>&#13;<br \/>\n&#13;<br \/>\n                                                    &#8211; Aline Merladete&#13;<br \/>\n&#13;<br \/>\n                                            <\/strong><br \/>\n                                        <\/p>\n<p>                                            <abbr><time datetime=\"2025-06-19T07:19\" itemprop=\"datePublished dateModified\">Publicado em 19\/06\/2025 \u00e0s 07:19h.<\/time><\/abbr><br \/>\n                                            <\/p><\/div>\n<\/p><\/div>\n<\/p><\/div>\n<div class=\"col-lg p-0 text-lg-end\">\n<div>\n<div id=\"mdEnviarPagina\" class=\"modal fade\" role=\"dialog\">\n<div class=\"modal-dialog\">\n<div class=\"modal-content\">\n<div class=\"modal-body\">\n<p><strong>Estimado usu\u00e1rio.<\/strong><br \/>Preencha o formul\u00e1rio abaixo para remeter a p\u00e1gina.<\/p>\n<\/p><\/div>\n<\/p><\/div>\n<\/p><\/div>\n<\/div><\/div>\n<\/p><\/div>\n<\/p><\/div>\n<\/p><\/div>\n<\/p><\/div>\n<\/p><\/div>\n<div class=\"row justify-content-md-center mt-3\">\n<div class=\"col-lg-auto col-image block-news-main-image\">\n<p>                                <img decoding=\"async\" src=\"https:\/\/www.agrolink.com.br\/upload\/imagens-resizes\/a7416a4140fc4d6e9e37a3a83005f83d_858x483.jpg\" class=\"lazyload img-fluid\"\/><br \/>\n                                                <span class=\"publicity-photo d-block mt-1\">Foto: Arquivo<\/span><\/p><\/div>\n<\/p><\/div>\n<div class=\"section-description section-description-noticias mt-3\">\n<p style=\"text-align:justify\">A quinta-feira (19) come\u00e7ou com chuvas intensas no Rio Grande do Sul. A Defesa Civil estadual renovou os alertas em raz\u00e3o da continuidade das instabilidades\u00a0que atingem diversas regi\u00f5es. Cidades como Horizontina, Tr\u00eas de Maio, Santo \u00c2ngelo e Iju\u00ed seguem sob condi\u00e7\u00e3o de alerta severa, com alto risco de alagamentos.&#13;\n<\/p>\n<p style=\"text-align:justify\">Segundo comunicado emitido pela Defesa Civil, a situa\u00e7\u00e3o se agravou tamb\u00e9m na regi\u00e3o da Fronteira Oeste. Um novo alerta foi publicado para o rio Ibicu\u00ed, com condi\u00e7\u00e3o severa de inunda\u00e7\u00e3o. O destaque vai para o munic\u00edpio de Manoel Viana, onde o risco \u00e9 considerado muito alto de enchentes. A orienta\u00e7\u00e3o \u00e9 clara: evitar \u00e1reas de risco e, em caso de emerg\u00eancia, acionar os n\u00fameros 190 ou 193. O alerta \u00e9 v\u00e1lido at\u00e9 \u00e0s 6h40 desta sexta-feira, 20 de junho.<\/p>\n<p style=\"text-align:justify\"><a href=\"https:\/\/www.agrolink.com.br\/agrotempo?utm_source=agrolink-detalhe-noticia&amp;utm_medium=detalhe-noticia&amp;utm_campaign=links-internos\" target=\"_blank\" rel=\"noopener\">Clique aqui e acesse AGROTEMPO<\/a><\/p>\n<p style=\"text-align:justify\">O ac\u00famulo de chuvas nas \u00faltimas 24 horas ultrapassou os 100 mm em algumas localidades, contribuindo para o transbordamento de rios, alagamentos urbanos e encharcamento do solo. A Defesa Civil pede aten\u00e7\u00e3o redobrada da popula\u00e7\u00e3o e refor\u00e7a a import\u00e2ncia de seguir os protocolos dos Planos de Conting\u00eancia Municipais, que orientam como agir em casos de desastres.&#13;\n<\/p>\n<p style=\"text-align:justify\">Al\u00e9m do impacto nas \u00e1reas urbanas, h\u00e1 risco de isolamento em zonas rurais, com estradas alagadas e pontes comprometidas. O\u00a0tempo inst\u00e1vel deve persistir at\u00e9 o fim da semana, com a possibilidade de novas frentes \u00famidas avan\u00e7ando sobre o estado. A manuten\u00e7\u00e3o das chuvas pode agravar a situa\u00e7\u00e3o nos munic\u00edpios j\u00e1 impactados, especialmente nas regi\u00f5es de vales e bacias hidrogr\u00e1ficas.<\/p>\n<\/p><\/div>\n<\/p><\/div>\n<p><script data-cfasync=\"false\">\n    !function (f, b, e, v, n, t, s) {\n        if (f.fbq) return; n = f.fbq = function () {\n            n.callMethod ?\n                n.callMethod.apply(n, arguments) : n.queue.push(arguments)\n        };\n        if (!f._fbq) f._fbq = n; n.push = n; n.loaded = !0; n.version = '2.0';\n        n.queue = []; t = b.createElement(e); t.async = !0;\n        t.src = v; s = b.getElementsByTagName(e)[0];\n        s.parentNode.insertBefore(t, s)\n    }(window, document, 'script',\n        'https:\/\/connect.facebook.net\/en_US\/fbevents.js');\n    fbq('init', '522546078623747');\n    fbq('track', 'PageView');\n<\/script><br \/>\n<br \/><br \/>\n<br \/><a href=\"https:\/\/www.agrolink.com.br\/noticias\/rs-tem-mais-um-dia-de-chuvas-e-alerta-de-inundacao_503056.html\">Source link <\/a><\/p>\n","protected":false},"excerpt":{"rendered":"<p>&#13; O\u00a0tempo inst\u00e1vel deve persistir at\u00e9 o fim da semana&#13; &#13; Agrolink&#13; &#13; &#8211; Aline Merladete&#13; &#13; Publicado em 19\/06\/2025<\/p>\n","protected":false},"author":1,"featured_media":2351,"comment_status":"open","ping_status":"open","sticky":false,"template":"","format":"standard","meta":{"_monsterinsights_skip_tracking":false,"_monsterinsights_sitenote_active":false,"_monsterinsights_sitenote_note":"","_monsterinsights_sitenote_category":0,"_uf_show_specific_survey":0,"_uf_disable_surveys":false,"footnotes":""},"categories":[8,1,14],"tags":[],"class_list":["post-15321","post","type-post","status-publish","format-standard","has-post-thumbnail","hentry","category-agro","category-news","category-politica-agro"],"_links":{"self":[{"href":"https:\/\/agromt.news\/index.php?rest_route=\/wp\/v2\/posts\/15321"}],"collection":[{"href":"https:\/\/agromt.news\/index.php?rest_route=\/wp\/v2\/posts"}],"about":[{"href":"https:\/\/agromt.news\/index.php?rest_route=\/wp\/v2\/types\/post"}],"author":[{"embeddable":true,"href":"https:\/\/agromt.news\/index.php?rest_route=\/wp\/v2\/users\/1"}],"replies":[{"embeddable":true,"href":"https:\/\/agromt.news\/index.php?rest_route=%2Fwp%2Fv2%2Fcomments&post=15321"}],"version-history":[{"count":0,"href":"https:\/\/agromt.news\/index.php?rest_route=\/wp\/v2\/posts\/15321\/revisions"}],"wp:featuredmedia":[{"embeddable":true,"href":"https:\/\/agromt.news\/index.php?rest_route=\/wp\/v2\/media\/2351"}],"wp:attachment":[{"href":"https:\/\/agromt.news\/index.php?rest_route=%2Fwp%2Fv2%2Fmedia&parent=15321"}],"wp:term":[{"taxonomy":"category","embeddable":true,"href":"https:\/\/agromt.news\/index.php?rest_route=%2Fwp%2Fv2%2Fcategories&post=15321"},{"taxonomy":"post_tag","embeddable":true,"href":"https:\/\/agromt.news\/index.php?rest_route=%2Fwp%2Fv2%2Ftags&post=15321"}],"curies":[{"name":"wp","href":"https:\/\/api.w.org\/{rel}","templated":true}]}}