{"id":15318,"date":"2025-06-19T17:33:58","date_gmt":"2025-06-19T21:33:58","guid":{"rendered":"https:\/\/agromt.news\/?p=15318"},"modified":"2025-06-19T17:33:58","modified_gmt":"2025-06-19T21:33:58","slug":"com-equilibrio-de-oferta-e-demanda-cotacoes-do-mercado-de-suinos-fecham-a","status":"publish","type":"post","link":"https:\/\/agromt.news\/?p=15318","title":{"rendered":"Com equil\u00edbrio de oferta e demanda, cota\u00e7\u00f5es do mercado de su\u00ednos fecham a&#8230;"},"content":{"rendered":"<p> <br \/>\n<\/p>\n<div>\n<div class=\"materia\">\n<p><img decoding=\"async\" alt=\"Logotipo Not&#xED;cias Agr&#xED;colas\" height=\"21\" src=\"https:\/\/cdn.noticiasagricolas.com.br\/dbimagens\/e12363a00741f9cc7caf23469101a4aa.png\" width=\"106\"\/><\/p>\n<p>A sexta-feira (16) termina para o mercado de su\u00ednos com pre\u00e7os est\u00e1veis. Segundo an\u00e1lise do Cepea, h\u00e1 um cen\u00e1rio de oferta equilibrada com a demanda em quase todas as regi\u00f5es acompanhadas.\u00a0<\/p>\n<p>Agentes consultados pelo Centro de Pesquisas indicam que a procura est\u00e1 firme, mas n\u00e3o se aqueceu como o esperado para um in\u00edcio de m\u00eas. Nesse cen\u00e1rio, os pre\u00e7os do su\u00edno vivo e da carne est\u00e3o praticamente est\u00e1veis<\/p>\n<p>Segundo dados da Scot Consultoria, o valor da arroba do su\u00edno CIF em S\u00e3o Paulo ficou est\u00e1vel, com pre\u00e7o m\u00e9dio de R$ 162,00, assim como a carca\u00e7a especial, fechando em R$ 12,60\/kg, em m\u00e9dia.<\/p>\n<p>Conforme informa\u00e7\u00f5es do Cepea\/Esalq sobre o Indicador do Su\u00edno Vivo, referentes \u00e0 quinta-feira (15), os pre\u00e7os ficaram est\u00e1veis nas principais pra\u00e7as: Minas Gerais (R$ 8,53\/kg), Paran\u00e1 (R$ 8,21\/kg), Rio Grande do Sul (R$ 8,14\/kg), Santa Catarina (R$ 8,14\/kg), e S\u00e3o Paulo (R$ 8,63\/kg).\u00a0<\/p>\n<\/p><\/div>\n<div class=\"grupo-whatsapp\">\n      J\u00e1 segue nosso Canal oficial no WhatsApp? <a href=\"https:\/\/bit.ly\/Canal_NA\" target=\"_blank\" rel=\"noopener\"><strong>Clique Aqui<\/strong><\/a> para receber em primeira m\u00e3o as principais not\u00edcias do agroneg\u00f3cio\n    <\/div>\n<div class=\"fonte\">\n<p>Fonte:<\/p>\n<p>                  <span>Not\u00edcias Agr\u00edcolas<\/span>\n              <\/div>\n<\/p><\/div>\n<p><script async defer src=\"https:\/\/connect.facebook.net\/en_US\/sdk.js\"><\/script><script>\n  !function(f,b,e,v,n,t,s)\n  {if(f.fbq)return;n=f.fbq=function(){n.callMethod?\n    n.callMethod.apply(n,arguments):n.queue.push(arguments)};\n    if(!f._fbq)f._fbq=n;n.push=n;n.loaded=!0;n.version='2.0';\n    n.queue=[];t=b.createElement(e);t.async=!0;\n    t.src=v;s=b.getElementsByTagName(e)[0];\n    s.parentNode.insertBefore(t,s)}(window, document,'script',\n    'https:\/\/connect.facebook.net\/en_US\/fbevents.js');\n  fbq('init', '153495679422335');\n  fbq('track', 'PageView');\n<\/script><br \/>\n<br \/><br \/>\n<br \/><a href=\"https:\/\/www.noticiasagricolas.com.br\/noticias\/granjeiros\/400638-com-equilibrio-de-oferta-e-demanda-cotacoes-do-mercado-de-suinos-fecham-a-sexta-feira-16-estaveis.html\">Source link <\/a><\/p>\n","protected":false},"excerpt":{"rendered":"<p>A sexta-feira (16) termina para o mercado de su\u00ednos com pre\u00e7os est\u00e1veis. Segundo an\u00e1lise do Cepea, h\u00e1 um cen\u00e1rio de<\/p>\n","protected":false},"author":1,"featured_media":2775,"comment_status":"open","ping_status":"open","sticky":false,"template":"","format":"standard","meta":{"_monsterinsights_skip_tracking":false,"_monsterinsights_sitenote_active":false,"_monsterinsights_sitenote_note":"","_monsterinsights_sitenote_category":0,"_uf_show_specific_survey":0,"_uf_disable_surveys":false,"footnotes":""},"categories":[8,1,14,16],"tags":[],"class_list":["post-15318","post","type-post","status-publish","format-standard","has-post-thumbnail","hentry","category-agro","category-news","category-politica-agro","category-safra"],"_links":{"self":[{"href":"https:\/\/agromt.news\/index.php?rest_route=\/wp\/v2\/posts\/15318"}],"collection":[{"href":"https:\/\/agromt.news\/index.php?rest_route=\/wp\/v2\/posts"}],"about":[{"href":"https:\/\/agromt.news\/index.php?rest_route=\/wp\/v2\/types\/post"}],"author":[{"embeddable":true,"href":"https:\/\/agromt.news\/index.php?rest_route=\/wp\/v2\/users\/1"}],"replies":[{"embeddable":true,"href":"https:\/\/agromt.news\/index.php?rest_route=%2Fwp%2Fv2%2Fcomments&post=15318"}],"version-history":[{"count":0,"href":"https:\/\/agromt.news\/index.php?rest_route=\/wp\/v2\/posts\/15318\/revisions"}],"wp:featuredmedia":[{"embeddable":true,"href":"https:\/\/agromt.news\/index.php?rest_route=\/wp\/v2\/media\/2775"}],"wp:attachment":[{"href":"https:\/\/agromt.news\/index.php?rest_route=%2Fwp%2Fv2%2Fmedia&parent=15318"}],"wp:term":[{"taxonomy":"category","embeddable":true,"href":"https:\/\/agromt.news\/index.php?rest_route=%2Fwp%2Fv2%2Fcategories&post=15318"},{"taxonomy":"post_tag","embeddable":true,"href":"https:\/\/agromt.news\/index.php?rest_route=%2Fwp%2Fv2%2Ftags&post=15318"}],"curies":[{"name":"wp","href":"https:\/\/api.w.org\/{rel}","templated":true}]}}