{"id":1531,"date":"2024-09-13T10:45:23","date_gmt":"2024-09-13T14:45:23","guid":{"rendered":"https:\/\/agromt.news\/?p=1531"},"modified":"2024-09-13T10:45:23","modified_gmt":"2024-09-13T14:45:23","slug":"filme-contara-a-historia-do-empresario-e-ex-presidente-dos-eua","status":"publish","type":"post","link":"https:\/\/agromt.news\/?p=1531","title":{"rendered":"filme contar\u00e1 a hist\u00f3ria do empres\u00e1rio e ex-presidente dos EUA"},"content":{"rendered":"<p> <br \/>\n<br \/><img decoding=\"async\" src=\"https:\/\/agromt.news\/wp-content\/uploads\/2024\/09\/filme-contara-a-historia-do-empresario-e-ex-presidente-dos-EUA.jpg\" \/><\/p>\n<div>\n<p>O trailer do aguardado filme <em>The Apprentice<\/em>, que conta a hist\u00f3ria da ascens\u00e3o de <strong>Donald Trump<\/strong>, foi lan\u00e7ado. Dirigido por Ali Abbasi e estrelado por Sebastian Stan no papel de Trump, o longa retrata o in\u00edcio da carreira do empres\u00e1rio e sua rela\u00e7\u00e3o com Roy Cohn, advogado e influente figura da direita, interpretado por Jeremy Strong.<\/p>\n<p><em>Confira na palma da m\u00e3o informa\u00e7\u00f5es quentes sobre agricultura, pecu\u00e1ria, economia e previs\u00e3o do tempo:<\/em><a href=\"https:\/\/www.whatsapp.com\/channel\/0029Va9VnZxGk1FplZjiW43k\"><em> <\/em><strong>siga o Canal Rural no WhatsApp<\/strong><\/a>!<\/p>\n<p>Descrito como \u201c<em>um mergulho nos bastidores do imp\u00e9rio americano<\/em>\u201c, o filme explora a vida de Trump nos anos 1970, per\u00edodo em que ele trabalhou de perto com Cohn, famoso por seu papel durante a era McCarthy. Cohn, que se tornou uma figura central na vida de Trump, ganhou notoriedade ao participar do julgamento de espionagem de Julius e Ethel Rosenberg.<\/p>\n<\/div>\n<div>\n<figure class=\"wp-block-embed is-type-video is-provider-youtube wp-block-embed-youtube wp-embed-aspect-16-9 wp-has-aspect-ratio\">\n<p>\n<iframe title=\"The Apprentice | Official Trailer | Exclusively in Theaters October 11\" width=\"800\" height=\"450\" src=\"https:\/\/www.youtube.com\/embed\/0tXEN0WNJUg?feature=oembed\" frameborder=\"0\" allow=\"accelerometer; autoplay; clipboard-write; encrypted-media; gyroscope; picture-in-picture; web-share\" referrerpolicy=\"strict-origin-when-cross-origin\" allowfullscreen><\/iframe><noscript><iframe title=\"The Apprentice | Official Trailer | Exclusively in Theaters October 11\" width=\"800\" height=\"450\" src=\"https:\/\/www.youtube.com\/embed\/0tXEN0WNJUg?feature=oembed\" frameborder=\"0\" allow=\"accelerometer; autoplay; clipboard-write; encrypted-media; gyroscope; picture-in-picture; web-share\" referrerpolicy=\"strict-origin-when-cross-origin\" allowfullscreen><\/iframe><\/noscript>\n<\/p>\n<\/figure>\n<p><em>The Apprentice<\/em> tamb\u00e9m conta com Maria Bakalova no papel de Ivana Trump e Martin Donovan como Fred Trump Sr. O filme estreou no Festival de Cannes em maio e tem lan\u00e7amento nos cinemas dos <a href=\"https:\/\/www.canalrural.com.br\/tag\/estados-unidos\/\">Estados Unidos<\/a> previsto para 11 de outubro, a tempo de disputar pr\u00eamios importantes.<\/p>\n<p>Apesar de amea\u00e7as legais por parte da equipe de Trump, que se op\u00f4s a algumas cenas do filme, <em>The Apprentice<\/em> segue com seu cronograma de estreia. A produ\u00e7\u00e3o inclui uma pol\u00eamica cena sobre a vida pessoal de Trump, o que gerou cr\u00edticas de seus apoiadores.<\/p>\n<p>Al\u00e9m disso, o filme enfrentou desafios quando o bilion\u00e1rio Dan Snyder, um dos financiadores originais, tentou bloquear seu lan\u00e7amento ap\u00f3s a estreia em Cannes. No entanto, o produtor James Shani, da Rich Spirit, adquiriu o projeto e garantiu sua continuidade.<\/p>\n<p>Com uma combina\u00e7\u00e3o de atua\u00e7\u00f5es poderosas e uma narrativa politicamente carregada, <em>The Apprentice<\/em> j\u00e1 est\u00e1 gerando grande expectativa. O filme aborda as ambi\u00e7\u00f5es de Trump, sua rela\u00e7\u00e3o com Cohn e os primeiros passos que levariam \u00e0 sua futura carreira pol\u00edtica.<\/p>\n<\/div>\n<p><br \/>\n<br \/><a href=\"https:\/\/www.canalrural.com.br\/diversos\/donald-trump-filme-contara-a-historia-do-empresario-e-ex-presidente-dos-eua\/\">Source link <\/a><\/p>\n","protected":false},"excerpt":{"rendered":"<p>O trailer do aguardado filme The Apprentice, que conta a hist\u00f3ria da ascens\u00e3o de Donald Trump, foi lan\u00e7ado. Dirigido por<\/p>\n","protected":false},"author":1,"featured_media":1532,"comment_status":"open","ping_status":"open","sticky":false,"template":"","format":"standard","meta":{"_monsterinsights_skip_tracking":false,"_monsterinsights_sitenote_active":false,"_monsterinsights_sitenote_note":"","_monsterinsights_sitenote_category":0,"_uf_show_specific_survey":0,"_uf_disable_surveys":false,"footnotes":""},"categories":[1],"tags":[],"class_list":["post-1531","post","type-post","status-publish","format-standard","has-post-thumbnail","hentry","category-news"],"_links":{"self":[{"href":"https:\/\/agromt.news\/index.php?rest_route=\/wp\/v2\/posts\/1531"}],"collection":[{"href":"https:\/\/agromt.news\/index.php?rest_route=\/wp\/v2\/posts"}],"about":[{"href":"https:\/\/agromt.news\/index.php?rest_route=\/wp\/v2\/types\/post"}],"author":[{"embeddable":true,"href":"https:\/\/agromt.news\/index.php?rest_route=\/wp\/v2\/users\/1"}],"replies":[{"embeddable":true,"href":"https:\/\/agromt.news\/index.php?rest_route=%2Fwp%2Fv2%2Fcomments&post=1531"}],"version-history":[{"count":0,"href":"https:\/\/agromt.news\/index.php?rest_route=\/wp\/v2\/posts\/1531\/revisions"}],"wp:featuredmedia":[{"embeddable":true,"href":"https:\/\/agromt.news\/index.php?rest_route=\/wp\/v2\/media\/1532"}],"wp:attachment":[{"href":"https:\/\/agromt.news\/index.php?rest_route=%2Fwp%2Fv2%2Fmedia&parent=1531"}],"wp:term":[{"taxonomy":"category","embeddable":true,"href":"https:\/\/agromt.news\/index.php?rest_route=%2Fwp%2Fv2%2Fcategories&post=1531"},{"taxonomy":"post_tag","embeddable":true,"href":"https:\/\/agromt.news\/index.php?rest_route=%2Fwp%2Fv2%2Ftags&post=1531"}],"curies":[{"name":"wp","href":"https:\/\/api.w.org\/{rel}","templated":true}]}}