{"id":15308,"date":"2025-06-19T12:16:12","date_gmt":"2025-06-19T16:16:12","guid":{"rendered":"https:\/\/agromt.news\/?p=15308"},"modified":"2025-06-19T12:16:12","modified_gmt":"2025-06-19T16:16:12","slug":"producao-de-trigo-cai-e-importacao-deve-crescer","status":"publish","type":"post","link":"https:\/\/agromt.news\/?p=15308","title":{"rendered":"Produ\u00e7\u00e3o de trigo cai e importa\u00e7\u00e3o deve crescer"},"content":{"rendered":"<p> <br \/>\n<\/p>\n<div>\n<p>Segundo informa\u00e7\u00f5es da TF Agroecon\u00f4mica, o mercado de <a href=\"https:\/\/www.agrolink.com.br\/culturas\/trigo\/?utm_source=agrolink-detalhe-noticia&amp;utm_medium=detalhe-noticia&amp;utm_campaign=links-internos\" target=\"_blank\" rel=\"noopener\">trigo<\/a> segue enfrentando desafios importantes no Sul do Brasil. No Rio Grande do Sul, o CEO da Serra Morena declarou, em entrevista a uma r\u00e1dio uruguaia, que o plantio de <a href=\"https:\/\/www.agrolink.com.br\/culturas\/trigo\/?utm_source=agrolink-detalhe-noticia&amp;utm_medium=detalhe-noticia&amp;utm_campaign=links-internos\" target=\"_blank\" rel=\"noopener\">trigo<\/a> para a pr\u00f3xima temporada pode n\u00e3o ultrapassar 900 mil hectares. Enquanto isso, o mercado dispon\u00edvel permanece travado: os moinhos consideram o pre\u00e7o futuro de R\\$ 1.330,00 no porto de Rio Grande elevado e a farinha n\u00e3o reage, mantendo compradores cautelosos.&#13;\n<\/p>\n<p>Ainda no RS, a disponibilidade de trigo est\u00e1 praticamente fechada para julho, restando entre 320 e 370 mil toneladas para negocia\u00e7\u00e3o, segundo a TF Agroecon\u00f4mica. O pre\u00e7o para exporta\u00e7\u00e3o em dezembro caiu para R\\$ 1.280,00 e os moinhos seguem afastados. No interior, a cota\u00e7\u00e3o da pedra em Panambi manteve-se em R\\$ 70,00 a saca para o produtor, refletindo um mercado com pouca movimenta\u00e7\u00e3o e pressionado pelo grande volume de sementes descartadas para moagem.<\/p>\n<p>Em Santa Catarina, o ritmo de neg\u00f3cios tamb\u00e9m \u00e9 lento. As indica\u00e7\u00f5es dos moinhos giram entre R\\$ 1.420 e R\\$ 1.430 CIF, enquanto o descarte de sementes sobra a R\\$ 1.500 FOB. O trigo ga\u00facho chega ao estado entre R\\$ 1.480 e R\\$ 1.500 CIF, e o melhorador do RS foi negociado a R\\$ 1.460 mais ICMS. Segundo relatos de sementeiros, houve uma queda de cerca de 20% nas vendas de sementes em compara\u00e7\u00e3o ao ano anterior. A Conab estimou redu\u00e7\u00e3o de 6,3% na produ\u00e7\u00e3o catarinense, mesmo com um leve aumento de \u00e1rea plantada, devido \u00e0 menor produtividade. Os pre\u00e7os da pedra se mantiveram est\u00e1veis, variando entre R\\$ 75,00 e R\\$ 80,00 a saca, dependendo da regi\u00e3o.&#13;\n<\/p>\n<p>No Paran\u00e1, o mercado continua travado, com m\u00e9dias do CEPEA em queda. Produtores pedem no m\u00ednimo R\\$ 1.550\/t FOB, enquanto compradores oferecem R\\$ 1.500 CIF, com pagamento em agosto. O trigo importado, principalmente argentino, amplia a oferta com pre\u00e7os em torno de US\\$ 275-278 em Paranagu\u00e1 e US\\$ 285 para o paraguaio no norte do estado. A cota\u00e7\u00e3o da pedra recuou 0,70% na semana, ficando em R\\$ 78,70, ainda acima do custo m\u00e9dio de produ\u00e7\u00e3o de R\\$ 73,53, garantindo lucro m\u00e9dio de 7,03% para o triticultor paranaense.<br \/>&#13;<br \/>\n\u00a0<\/p>\n<\/p><\/div>\n<p><script data-cfasync=\"false\">\n    !function (f, b, e, v, n, t, s) {\n        if (f.fbq) return; n = f.fbq = function () {\n            n.callMethod ?\n                n.callMethod.apply(n, arguments) : n.queue.push(arguments)\n        };\n        if (!f._fbq) f._fbq = n; n.push = n; n.loaded = !0; n.version = '2.0';\n        n.queue = []; t = b.createElement(e); t.async = !0;\n        t.src = v; s = b.getElementsByTagName(e)[0];\n        s.parentNode.insertBefore(t, s)\n    }(window, document, 'script',\n        'https:\/\/connect.facebook.net\/en_US\/fbevents.js');\n    fbq('init', '522546078623747');\n    fbq('track', 'PageView');\n<\/script><br \/>\n<br \/><br \/>\n<br \/><a href=\"https:\/\/www.agrolink.com.br\/noticias\/producao-de-trigo-cai-e-importacao-deve-crescer_503061.html\">Source link <\/a><\/p>\n","protected":false},"excerpt":{"rendered":"<p>Segundo informa\u00e7\u00f5es da TF Agroecon\u00f4mica, o mercado de trigo segue enfrentando desafios importantes no Sul do Brasil. No Rio Grande<\/p>\n","protected":false},"author":1,"featured_media":3718,"comment_status":"open","ping_status":"open","sticky":false,"template":"","format":"standard","meta":{"_monsterinsights_skip_tracking":false,"_monsterinsights_sitenote_active":false,"_monsterinsights_sitenote_note":"","_monsterinsights_sitenote_category":0,"_uf_show_specific_survey":0,"_uf_disable_surveys":false,"footnotes":""},"categories":[8,1,14],"tags":[],"class_list":["post-15308","post","type-post","status-publish","format-standard","has-post-thumbnail","hentry","category-agro","category-news","category-politica-agro"],"_links":{"self":[{"href":"https:\/\/agromt.news\/index.php?rest_route=\/wp\/v2\/posts\/15308"}],"collection":[{"href":"https:\/\/agromt.news\/index.php?rest_route=\/wp\/v2\/posts"}],"about":[{"href":"https:\/\/agromt.news\/index.php?rest_route=\/wp\/v2\/types\/post"}],"author":[{"embeddable":true,"href":"https:\/\/agromt.news\/index.php?rest_route=\/wp\/v2\/users\/1"}],"replies":[{"embeddable":true,"href":"https:\/\/agromt.news\/index.php?rest_route=%2Fwp%2Fv2%2Fcomments&post=15308"}],"version-history":[{"count":0,"href":"https:\/\/agromt.news\/index.php?rest_route=\/wp\/v2\/posts\/15308\/revisions"}],"wp:featuredmedia":[{"embeddable":true,"href":"https:\/\/agromt.news\/index.php?rest_route=\/wp\/v2\/media\/3718"}],"wp:attachment":[{"href":"https:\/\/agromt.news\/index.php?rest_route=%2Fwp%2Fv2%2Fmedia&parent=15308"}],"wp:term":[{"taxonomy":"category","embeddable":true,"href":"https:\/\/agromt.news\/index.php?rest_route=%2Fwp%2Fv2%2Fcategories&post=15308"},{"taxonomy":"post_tag","embeddable":true,"href":"https:\/\/agromt.news\/index.php?rest_route=%2Fwp%2Fv2%2Ftags&post=15308"}],"curies":[{"name":"wp","href":"https:\/\/api.w.org\/{rel}","templated":true}]}}