{"id":15302,"date":"2025-06-19T08:24:34","date_gmt":"2025-06-19T12:24:34","guid":{"rendered":"https:\/\/agromt.news\/?p=15302"},"modified":"2025-06-19T08:24:34","modified_gmt":"2025-06-19T12:24:34","slug":"cogumelos-da-gi-aposta-na-agroindustria-e-mira-exportacao","status":"publish","type":"post","link":"https:\/\/agromt.news\/?p=15302","title":{"rendered":"\u2018Cogumelos da Gi\u2019 aposta na agroind\u00fastria e mira exporta\u00e7\u00e3o"},"content":{"rendered":"<p> <br \/>\n<\/p>\n<div>\n<p>Em S\u00e3o Louren\u00e7o da Serra, uma cidade charmosa, a 58 km de S\u00e3o Paulo, com pouco menos de 16 mil habitantes, existe uma hist\u00f3ria bem bacana de uma produtora rural que rompe barreiras e come\u00e7a a ganhar espa\u00e7o no empreendedorismo.\u00a0<\/p>\n<p>Gisele de Camargo, produtora, s\u00f3cia-propriet\u00e1ria da empresa \u2018Cogumelos da Gi\u2019, trilha um caminho de resili\u00eancia, transforma\u00e7\u00e3o e inova\u00e7\u00e3o dentro do agroneg\u00f3cio.\u00a0<\/p>\n<p>Tudo come\u00e7ou de forma simples: Gisele e o marido cultivavam cogumelos shimeji na cidade, atendendo principalmente o mercado local.<\/p>\n<p>\u201cA gente produzia umas 5 toneladas por m\u00eas. Al\u00e9m de vender direto, a gente tamb\u00e9m fornecia para pequenos produtores que complementavam suas entregas com os nossos cogumelos\u201d, lembra ela.<\/p>\n<figure class=\"wp-block-image size-large\"><img fetchpriority=\"high\" decoding=\"async\" width=\"1024\" height=\"770\" src=\"https:\/\/agromt.news\/wp-content\/uploads\/2025\/06\/\u2018Cogumelos-da-Gi-aposta-na-agroindustria-e-mira-exportacao.jpeg\" alt=\"portf\u00f3lio diversificado \u00e0 base de cogumelos\" class=\"wp-image-4104013\"  \/><figcaption class=\"wp-element-caption\">Portf\u00f3lio diversificado \u00e0 base de cogumelos. Foto: Arquivo Pessoal <\/figcaption><\/figure>\n<h2 class=\"wp-block-heading\" id=\"h-virada-de-chave-na-pandemia\"><strong>Virada de chave na pandemia<\/strong><\/h2>\n<p>Mas a\u00ed veio a pandemia e, como para muita gente, os desafios bateram forte. Com dificuldade para escoar os cogumelos frescos, era preciso se reinventar \u2014 e r\u00e1pido.\u00a0<\/p>\n<p>Foi assim, que surgiu a ideia de transformar os cogumelos:\u00a0\u201ccome\u00e7amos a desenvolver produtos \u00e0 base de cogumelos. Hoje temos um portf\u00f3lio diversificado com antepastos, hamb\u00farguer, churrasco, alm\u00f4ndega e outros itens\u201d, explica Gisele.\u00a0<\/p>\n<p>Nesse processo, ela e o marido tiveram o <a href=\"https:\/\/sp.agenciasebrae.com.br\/\">apoio do Sebrae<\/a>. \u201cO Sebrae foi fundamental. Ajudou muito na estrutura\u00e7\u00e3o do neg\u00f3cio e na melhoria dos produtos.\u201d<\/p>\n<p>Com o tempo, eles perceberam que vender cogumelos frescos n\u00e3o era mais t\u00e3o vi\u00e1vel financeiramente. Foi ent\u00e3o que veio uma nova decis\u00e3o: encerrar a produ\u00e7\u00e3o pr\u00f3pria e come\u00e7ar a comprar de pequenos produtores da regi\u00e3o.<\/p>\n<\/div>\n<div>\n<p>\u201cAssim como j\u00e1 me ajudaram l\u00e1 atr\u00e1s, agora eu fa\u00e7o quest\u00e3o de ajudar tamb\u00e9m. A gente fortalece a rede, mant\u00e9m a produ\u00e7\u00e3o viva no Vale do Ribeira e todo mundo cresce junto\u201d, diz Gisele, cheia de orgulho dessa nova fase, empreendedora. <\/p>\n<ul class=\"wp-block-list\">\n<li><em>Participe do Porteira Aberta Empreender: envie perguntas, sugest\u00f5es e conte sua hist\u00f3ria de empreendedorismo pelo\u00a0<\/em><a href=\"https:\/\/api.whatsapp.com\/send?phone=5511932796720&amp;PorteiraAbertaEmpreender=SuaMensagem\"><strong>WhatsApp<\/strong><\/a><\/li>\n<\/ul>\n<p>A convite do Sebrae, Gisele j\u00e1 levou seus produtos para <a href=\"https:\/\/www.canalrural.com.br\/empreendedorismo\/alho-negro-da-serra-revoluciona-sabores-e-conquista-novos-mercados\/\">feiras e eventos<\/a> de grande porte. Al\u00e9m disso, as conversas para exporta\u00e7\u00e3o est\u00e3o a todo vapor.<\/p>\n<p>\u201cEstamos conversando com o Sebrae e outras institui\u00e7\u00f5es para estruturar direitinho essa parte de exporta\u00e7\u00e3o. J\u00e1 temos conversas avan\u00e7adas, inclusive com gente dos Estados Unidos\u201d, revela.<\/p>\n<p>Dessa forma, a meta est\u00e1 bem definida: colocar os produtos da empresa \u2018Cogumelos da Gi\u2019 nas prateleiras do mercado nacional e tamb\u00e9m mundo afora.<\/p>\n<p>\u201cA ideia que nasceu em S\u00e3o Louren\u00e7o da Serra, hoje quer conquistar o Brasil e o mundo. Abrir porteiras, com certeza\u201d, finaliza a produtora com sorriso no rosto e cheia de esperan\u00e7a.\u00a0<\/p>\n<p>Quer conhecer mais sobre essa hist\u00f3ria inspiradora?\u00a0<a href=\"https:\/\/www.canalrural.com.br\/empreendedorismo\/portfolio-e-apresentacao-estrategica-o-segredo-para-fortalecer-sua-marca\/\">Acesse aqui<\/a> e confira os detalhes dessa jornada cheia de sabor, coragem e muito empreendedorismo.<\/p>\n<\/p><\/div>\n<p><br \/>\n<br \/><a href=\"https:\/\/www.canalrural.com.br\/empreendedorismo\/cogumelos-da-gi-aposta-na-agroindustria-e-mira-exportacao\/\">Source link <\/a><\/p>\n","protected":false},"excerpt":{"rendered":"<p>Em S\u00e3o Louren\u00e7o da Serra, uma cidade charmosa, a 58 km de S\u00e3o Paulo, com pouco menos de 16 mil<\/p>\n","protected":false},"author":1,"featured_media":15303,"comment_status":"open","ping_status":"open","sticky":false,"template":"","format":"standard","meta":{"_monsterinsights_skip_tracking":false,"_monsterinsights_sitenote_active":false,"_monsterinsights_sitenote_note":"","_monsterinsights_sitenote_category":0,"_uf_show_specific_survey":0,"_uf_disable_surveys":false,"footnotes":""},"categories":[1],"tags":[],"class_list":["post-15302","post","type-post","status-publish","format-standard","has-post-thumbnail","hentry","category-news"],"_links":{"self":[{"href":"https:\/\/agromt.news\/index.php?rest_route=\/wp\/v2\/posts\/15302"}],"collection":[{"href":"https:\/\/agromt.news\/index.php?rest_route=\/wp\/v2\/posts"}],"about":[{"href":"https:\/\/agromt.news\/index.php?rest_route=\/wp\/v2\/types\/post"}],"author":[{"embeddable":true,"href":"https:\/\/agromt.news\/index.php?rest_route=\/wp\/v2\/users\/1"}],"replies":[{"embeddable":true,"href":"https:\/\/agromt.news\/index.php?rest_route=%2Fwp%2Fv2%2Fcomments&post=15302"}],"version-history":[{"count":0,"href":"https:\/\/agromt.news\/index.php?rest_route=\/wp\/v2\/posts\/15302\/revisions"}],"wp:featuredmedia":[{"embeddable":true,"href":"https:\/\/agromt.news\/index.php?rest_route=\/wp\/v2\/media\/15303"}],"wp:attachment":[{"href":"https:\/\/agromt.news\/index.php?rest_route=%2Fwp%2Fv2%2Fmedia&parent=15302"}],"wp:term":[{"taxonomy":"category","embeddable":true,"href":"https:\/\/agromt.news\/index.php?rest_route=%2Fwp%2Fv2%2Fcategories&post=15302"},{"taxonomy":"post_tag","embeddable":true,"href":"https:\/\/agromt.news\/index.php?rest_route=%2Fwp%2Fv2%2Ftags&post=15302"}],"curies":[{"name":"wp","href":"https:\/\/api.w.org\/{rel}","templated":true}]}}