{"id":15295,"date":"2025-06-18T22:31:09","date_gmt":"2025-06-19T02:31:09","guid":{"rendered":"https:\/\/agromt.news\/?p=15295"},"modified":"2025-06-18T22:31:09","modified_gmt":"2025-06-19T02:31:09","slug":"mercado-de-trigo-enfrenta-desafios","status":"publish","type":"post","link":"https:\/\/agromt.news\/?p=15295","title":{"rendered":"Mercado de trigo enfrenta desafios"},"content":{"rendered":"<p> <br \/>\n<\/p>\n<div>\n<p>Segundo a TF Agroecon\u00f4mica, o mercado de <a href=\"https:\/\/www.agrolink.com.br\/culturas\/trigo\/?utm_source=agrolink-detalhe-noticia&amp;utm_medium=detalhe-noticia&amp;utm_campaign=links-internos\" target=\"_blank\" rel=\"noopener\">trigo<\/a> no Sul do Brasil enfrenta desafios significativos para a safra de 2025, especialmente no Rio Grande do Sul. Embora a Emater projete uma \u00e1rea de 1,19 milh\u00e3o de hectares, cooperativas, cerealistas e produtores estimam um m\u00e1ximo de 1 milh\u00e3o de hectares. A baixa aduba\u00e7\u00e3o de base e as chuvas excessivas que atrasaram o plantio indicam uma produ\u00e7\u00e3o entre 3,0 e 3,3 milh\u00f5es de toneladas, o que pode reduzir a proje\u00e7\u00e3o nacional da Conab em at\u00e9 1 milh\u00e3o de toneladas. Al\u00e9m disso, houve descarte de sementes, sinalizando uma redu\u00e7\u00e3o de 65% no uso planejado.&#13;\n<\/p>\n<p>No mercado dispon\u00edvel, a comercializa\u00e7\u00e3o est\u00e1 praticamente paralisada, sem neg\u00f3cios futuros ou novas demandas. Os moinhos consideram o pre\u00e7o de refer\u00eancia futuro de R$ 1.330,00 em Rio Grande elevado, enquanto a farinha n\u00e3o apresenta rea\u00e7\u00e3o no mercado. O volume dispon\u00edvel no estado para negocia\u00e7\u00e3o gira entre 320.000 e 370.000 toneladas. Na exporta\u00e7\u00e3o, o valor para dezembro recuou para R$ 1.280,00, refletindo a pouca presen\u00e7a dos moinhos. O pre\u00e7o da pedra em Panambi se manteve em R$ 70,00 a saca.<\/p>\n<p>Em Santa Catarina, o mercado continua lento, dependendo do escoamento da farinha. Os moinhos indicam pre\u00e7os entre R$ 1.420,00 e R$ 1.430,00 CIF, enquanto sobra de semente \u00e9 negociada a R$ 1.500,00 FOB. O trigo ga\u00facho chega ao estado entre R$ 1.480,00 e R$ 1.500,00 CIF. A Conab j\u00e1 apontou redu\u00e7\u00e3o de 6,3% na produ\u00e7\u00e3o local, apesar de ligeiro aumento de \u00e1rea. Os pre\u00e7os da pedra mantiveram estabilidade, variando entre R$ 75,00 e R$ 80,00 a saca, conforme a regi\u00e3o.&#13;\n<\/p>\n<p>No Paran\u00e1, o mercado segue travado, com vendedores buscando valores acima de R$ 1.550,00\/t FOB, mas compradores ofertando R$ 1.500,00 CIF para julho e outubro. A forte presen\u00e7a de trigo importado, especialmente argentino, pressiona os pre\u00e7os, com oferta de US$ 275-278\/t em Paranagu\u00e1. A m\u00e9dia da pedra recuou 0,70% na semana, para R$ 78,70, ainda garantindo um lucro m\u00e9dio de 7,03% ao produtor, segundo o Deral.<br \/>&#13;<br \/>\n\u00a0<\/p>\n<\/p><\/div>\n<p><script data-cfasync=\"false\">\n    !function (f, b, e, v, n, t, s) {\n        if (f.fbq) return; n = f.fbq = function () {\n            n.callMethod ?\n                n.callMethod.apply(n, arguments) : n.queue.push(arguments)\n        };\n        if (!f._fbq) f._fbq = n; n.push = n; n.loaded = !0; n.version = '2.0';\n        n.queue = []; t = b.createElement(e); t.async = !0;\n        t.src = v; s = b.getElementsByTagName(e)[0];\n        s.parentNode.insertBefore(t, s)\n    }(window, document, 'script',\n        'https:\/\/connect.facebook.net\/en_US\/fbevents.js');\n    fbq('init', '522546078623747');\n    fbq('track', 'PageView');\n<\/script><br \/>\n<br \/><br \/>\n<br \/><a href=\"https:\/\/www.agrolink.com.br\/noticias\/mercado-de-trigo-enfrenta-desafios_503023.html\">Source link <\/a><\/p>\n","protected":false},"excerpt":{"rendered":"<p>Segundo a TF Agroecon\u00f4mica, o mercado de trigo no Sul do Brasil enfrenta desafios significativos para a safra de 2025,<\/p>\n","protected":false},"author":1,"featured_media":11864,"comment_status":"open","ping_status":"open","sticky":false,"template":"","format":"standard","meta":{"_monsterinsights_skip_tracking":false,"_monsterinsights_sitenote_active":false,"_monsterinsights_sitenote_note":"","_monsterinsights_sitenote_category":0,"_uf_show_specific_survey":0,"_uf_disable_surveys":false,"footnotes":""},"categories":[8,1,14],"tags":[],"class_list":["post-15295","post","type-post","status-publish","format-standard","has-post-thumbnail","hentry","category-agro","category-news","category-politica-agro"],"_links":{"self":[{"href":"https:\/\/agromt.news\/index.php?rest_route=\/wp\/v2\/posts\/15295"}],"collection":[{"href":"https:\/\/agromt.news\/index.php?rest_route=\/wp\/v2\/posts"}],"about":[{"href":"https:\/\/agromt.news\/index.php?rest_route=\/wp\/v2\/types\/post"}],"author":[{"embeddable":true,"href":"https:\/\/agromt.news\/index.php?rest_route=\/wp\/v2\/users\/1"}],"replies":[{"embeddable":true,"href":"https:\/\/agromt.news\/index.php?rest_route=%2Fwp%2Fv2%2Fcomments&post=15295"}],"version-history":[{"count":0,"href":"https:\/\/agromt.news\/index.php?rest_route=\/wp\/v2\/posts\/15295\/revisions"}],"wp:featuredmedia":[{"embeddable":true,"href":"https:\/\/agromt.news\/index.php?rest_route=\/wp\/v2\/media\/11864"}],"wp:attachment":[{"href":"https:\/\/agromt.news\/index.php?rest_route=%2Fwp%2Fv2%2Fmedia&parent=15295"}],"wp:term":[{"taxonomy":"category","embeddable":true,"href":"https:\/\/agromt.news\/index.php?rest_route=%2Fwp%2Fv2%2Fcategories&post=15295"},{"taxonomy":"post_tag","embeddable":true,"href":"https:\/\/agromt.news\/index.php?rest_route=%2Fwp%2Fv2%2Ftags&post=15295"}],"curies":[{"name":"wp","href":"https:\/\/api.w.org\/{rel}","templated":true}]}}