{"id":15293,"date":"2025-06-18T20:34:41","date_gmt":"2025-06-19T00:34:41","guid":{"rendered":"https:\/\/agromt.news\/?p=15293"},"modified":"2025-06-18T20:34:41","modified_gmt":"2025-06-19T00:34:41","slug":"semeadura-avanca-mas-precos-do-trigo-seguem-em-queda-no-brasil","status":"publish","type":"post","link":"https:\/\/agromt.news\/?p=15293","title":{"rendered":"Semeadura avan\u00e7a, mas pre\u00e7os do trigo seguem em queda no Brasil"},"content":{"rendered":"<p> <br \/>\n<\/p>\n<div>\n<div class=\"row\">\n<div class=\"col-lg col-infos mt-0 mt-lg-0\">\n<div class=\"section-sub-title\">\n<p itemprop=\"description\">&#13;<br \/>\n                                Com oferta e c\u00e2mbio desfavor\u00e1veis, mercado desacelera&#13;\n                            <\/p>\n<\/p><\/div>\n<div class=\"container\">\n<div class=\"row\">\n<div class=\"col-lg p-0\">\n<div>\n<div class=\"block-news-main-infos mt-3 text-start\">\n<p>                                            <strong class=\"fn\" itemprop=\"author\" style=\"color: rgb(112, 112, 112); \">&#13;<br \/>\n                                                <a href=\"https:\/\/www.agrolink.com.br\/noticias\/javascript:;\" class=\"text-uppercase\" target=\"_blank\" style=\"color: rgb(112, 112, 112); \" rel=\"noopener\">Agrolink<\/a>&#13;<br \/>\n&#13;<br \/>\n                                                    &#8211; Aline Merladete&#13;<br \/>\n&#13;<br \/>\n                                            <\/strong><br \/>\n                                        <\/p>\n<p>                                            <abbr><time datetime=\"2025-06-18T09:31\" itemprop=\"datePublished dateModified\">Publicado em 18\/06\/2025 \u00e0s 09:31h.<\/time><\/abbr><br \/>\n                                            <\/p><\/div>\n<\/p><\/div>\n<\/p><\/div>\n<div class=\"col-lg p-0 text-lg-end\">\n<div>\n<div id=\"mdEnviarPagina\" class=\"modal fade\" role=\"dialog\">\n<div class=\"modal-dialog\">\n<div class=\"modal-content\">\n<div class=\"modal-body\">\n<p><strong>Estimado usu\u00e1rio.<\/strong><br \/>Preencha o formul\u00e1rio abaixo para remeter a p\u00e1gina.<\/p>\n<\/p><\/div>\n<\/p><\/div>\n<\/p><\/div>\n<\/div><\/div>\n<\/p><\/div>\n<\/p><\/div>\n<\/p><\/div>\n<\/p><\/div>\n<\/p><\/div>\n<div class=\"row justify-content-md-center mt-3\">\n<div class=\"col-lg-auto col-image block-news-main-image\">\n<p>                                <img decoding=\"async\" src=\"https:\/\/www.agrolink.com.br\/upload\/imagens-resizes\/ace1cc30708f40a7b1a0ba371ca5ad45_858x483.jpg\" class=\"lazyload img-fluid\"\/><br \/>\n                                                <span class=\"publicity-photo d-block mt-1\">Foto: Pixabay<\/span><\/p><\/div>\n<\/p><\/div>\n<div class=\"section-description section-description-noticias mt-3\">\n<p style=\"text-align:justify\">Os pre\u00e7os do <a href=\"https:\/\/www.agrolink.com.br\/culturas\/trigo\/?utm_source=agrolink-detalhe-noticia&amp;utm_medium=detalhe-noticia&amp;utm_campaign=links-internos\" target=\"_blank\" rel=\"noopener\">trigo<\/a> continuam em trajet\u00f3ria de queda no mercado brasileiro. A combina\u00e7\u00e3o entre a baixa demanda interna, o avan\u00e7o da semeadura e os efeitos do c\u00e2mbio pressionam as cota\u00e7\u00f5es, dificultando a recupera\u00e7\u00e3o dos valores pagos ao produtor.<\/p>\n<p style=\"text-align:justify\">Segundo dados do Cepea (Centro de Estudos Avan\u00e7ados em Economia Aplicada), a desvaloriza\u00e7\u00e3o do d\u00f3lar frente ao real e o recuo das cota\u00e7\u00f5es internacionais intensificam o movimento de baixa. A retra\u00e7\u00e3o na demanda interna tamb\u00e9m tem peso importante, j\u00e1 que muitas ind\u00fastrias moageiras permanecem abastecidas ou operando com trigo importado, o que reduz o interesse pelas compras no mercado dom\u00e9stico.&#13;\n<\/p>\n<p style=\"text-align:justify\">Do lado da produ\u00e7\u00e3o, os agricultores est\u00e3o com foco total nas atividades de campo, o que contribui para uma liquidez reduzida. O Cepea aponta que o volume de neg\u00f3cios no mercado interno segue limitado, refletindo o atual descompasso entre oferta e demanda.<\/p>\n<p style=\"text-align:justify\">No campo, a Companhia Nacional de Abastecimento (Conab) informou que, at\u00e9 o dia 7 de junho, cerca de 42% da \u00e1rea total prevista para o trigo no Brasil j\u00e1 havia sido semeada. A tend\u00eancia \u00e9 de avan\u00e7o nas pr\u00f3ximas semanas, especialmente nas regi\u00f5es Sul e Centro-Oeste, que concentram a maior parte da produ\u00e7\u00e3o nacional.&#13;\n<\/p>\n<p style=\"text-align:justify\">A mais recente estimativa da Conab projeta uma \u00e1rea cultivada de 2,67 milh\u00f5es de hectares, n\u00famero 1% menor do que o previsto em maio e 12,6% inferior \u00e0 \u00e1rea da safra passada. Apesar disso, a produ\u00e7\u00e3o estimada \u00e9 de 8,192 milh\u00f5es de toneladas, o que representa uma leve queda de 0,8% em rela\u00e7\u00e3o \u00e0 previs\u00e3o anterior, mas ainda 3,8% superior ao volume colhido na safra de 2024.<\/p>\n<p style=\"text-align:justify\">Com esse cen\u00e1rio de pre\u00e7os pressionados e ritmo lento nos neg\u00f3cios, os agentes do setor seguem atentos ao clima e ao c\u00e2mbio, dois fatores que ainda podem influenciar diretamente a rentabilidade da nova safra e os rumos do mercado interno nas pr\u00f3ximas semanas.&#13;\n<\/p>\n<\/p><\/div>\n<\/p><\/div>\n<p><script data-cfasync=\"false\">\n    !function (f, b, e, v, n, t, s) {\n        if (f.fbq) return; n = f.fbq = function () {\n            n.callMethod ?\n                n.callMethod.apply(n, arguments) : n.queue.push(arguments)\n        };\n        if (!f._fbq) f._fbq = n; n.push = n; n.loaded = !0; n.version = '2.0';\n        n.queue = []; t = b.createElement(e); t.async = !0;\n        t.src = v; s = b.getElementsByTagName(e)[0];\n        s.parentNode.insertBefore(t, s)\n    }(window, document, 'script',\n        'https:\/\/connect.facebook.net\/en_US\/fbevents.js');\n    fbq('init', '522546078623747');\n    fbq('track', 'PageView');\n<\/script><br \/>\n<br \/><br \/>\n<br \/><a href=\"https:\/\/www.agrolink.com.br\/noticias\/semeadura-avanca--mas-precos-do-trigo-seguem-em-queda-no-brasil_503024.html\">Source link <\/a><\/p>\n","protected":false},"excerpt":{"rendered":"<p>&#13; Com oferta e c\u00e2mbio desfavor\u00e1veis, mercado desacelera&#13; &#13; Agrolink&#13; &#13; &#8211; Aline Merladete&#13; &#13; Publicado em 18\/06\/2025 \u00e0s 09:31h.<\/p>\n","protected":false},"author":1,"featured_media":15294,"comment_status":"open","ping_status":"open","sticky":false,"template":"","format":"standard","meta":{"_monsterinsights_skip_tracking":false,"_monsterinsights_sitenote_active":false,"_monsterinsights_sitenote_note":"","_monsterinsights_sitenote_category":0,"_uf_show_specific_survey":0,"_uf_disable_surveys":false,"footnotes":""},"categories":[8,1,14],"tags":[],"class_list":["post-15293","post","type-post","status-publish","format-standard","has-post-thumbnail","hentry","category-agro","category-news","category-politica-agro"],"_links":{"self":[{"href":"https:\/\/agromt.news\/index.php?rest_route=\/wp\/v2\/posts\/15293"}],"collection":[{"href":"https:\/\/agromt.news\/index.php?rest_route=\/wp\/v2\/posts"}],"about":[{"href":"https:\/\/agromt.news\/index.php?rest_route=\/wp\/v2\/types\/post"}],"author":[{"embeddable":true,"href":"https:\/\/agromt.news\/index.php?rest_route=\/wp\/v2\/users\/1"}],"replies":[{"embeddable":true,"href":"https:\/\/agromt.news\/index.php?rest_route=%2Fwp%2Fv2%2Fcomments&post=15293"}],"version-history":[{"count":0,"href":"https:\/\/agromt.news\/index.php?rest_route=\/wp\/v2\/posts\/15293\/revisions"}],"wp:featuredmedia":[{"embeddable":true,"href":"https:\/\/agromt.news\/index.php?rest_route=\/wp\/v2\/media\/15294"}],"wp:attachment":[{"href":"https:\/\/agromt.news\/index.php?rest_route=%2Fwp%2Fv2%2Fmedia&parent=15293"}],"wp:term":[{"taxonomy":"category","embeddable":true,"href":"https:\/\/agromt.news\/index.php?rest_route=%2Fwp%2Fv2%2Fcategories&post=15293"},{"taxonomy":"post_tag","embeddable":true,"href":"https:\/\/agromt.news\/index.php?rest_route=%2Fwp%2Fv2%2Ftags&post=15293"}],"curies":[{"name":"wp","href":"https:\/\/api.w.org\/{rel}","templated":true}]}}