{"id":1527,"date":"2024-09-13T10:20:27","date_gmt":"2024-09-13T14:20:27","guid":{"rendered":"https:\/\/agromt.news\/?p=1527"},"modified":"2024-09-13T10:20:27","modified_gmt":"2024-09-13T14:20:27","slug":"vamos-garantir-que-o-produtor-volte-a-produzir-afirma-favaro-sobre-credito-para-areas-incendiadas","status":"publish","type":"post","link":"https:\/\/agromt.news\/?p=1527","title":{"rendered":"&#8216;Vamos garantir que o produtor volte a produzir&#8217;, afirma F\u00e1varo sobre cr\u00e9dito para \u00e1reas incendiadas"},"content":{"rendered":"<p> <br \/>\n<br \/><img decoding=\"async\" src=\"https:\/\/agromt.news\/wp-content\/uploads\/2024\/09\/Vamos-garantir-que-o-produtor-volte-a-produzir-afirma-Favaro.jpeg\" \/><\/p>\n<div>\n<figure class=\"wp-block-embed is-type-video is-provider-youtube wp-block-embed-youtube wp-embed-aspect-16-9 wp-has-aspect-ratio\">\n<p>\n<iframe title=\"Exclusivo | F\u00e1varo anuncia R$ 6,5 bi para produtores atingidos por queimadas\" width=\"800\" height=\"450\" src=\"https:\/\/www.youtube.com\/embed\/QIz9AK80w3o?feature=oembed\" frameborder=\"0\" allow=\"accelerometer; autoplay; clipboard-write; encrypted-media; gyroscope; picture-in-picture; web-share\" referrerpolicy=\"strict-origin-when-cross-origin\" allowfullscreen><\/iframe><noscript><iframe title=\"Exclusivo | F\u00e1varo anuncia R$ 6,5 bi para produtores atingidos por queimadas\" width=\"800\" height=\"450\" src=\"https:\/\/www.youtube.com\/embed\/QIz9AK80w3o?feature=oembed\" frameborder=\"0\" allow=\"accelerometer; autoplay; clipboard-write; encrypted-media; gyroscope; picture-in-picture; web-share\" referrerpolicy=\"strict-origin-when-cross-origin\" allowfullscreen><\/iframe><\/noscript>\n<\/p>\n<\/figure>\n<p>O ministro da Agricultura, <strong>Carlos F\u00e1varo<\/strong>, anunciou um programa de cr\u00e9dito exclusivo para ajudar os produtores rurais afetados pelos inc\u00eandios que t\u00eam devastado v\u00e1rias regi\u00f5es do Brasil. Em entrevista exclusiva durante o <a href=\"https:\/\/www.canalrural.com.br\/tag\/g20-agro\/\">G20 da Agropecu\u00e1ria<\/a>, realizado na Chapada dos Guimar\u00e3es, Mato Grosso, F\u00e1varo informou que o governo federal vai destinar R$ 6,5 bilh\u00f5es para apoiar a recupera\u00e7\u00e3o dessas \u00e1reas.<\/p>\n<p><em>Confira na palma da m\u00e3o informa\u00e7\u00f5es quentes sobre agricultura, pecu\u00e1ria, economia e previs\u00e3o do tempo:<\/em><a href=\"https:\/\/www.whatsapp.com\/channel\/0029Va9VnZxGk1FplZjiW43k\"><em> <\/em><strong>siga o Canal Rural no WhatsApp<\/strong><\/a>!<\/p>\n<p>O programa, que faz parte da linha de cr\u00e9dito Renova Agro, oferece condi\u00e7\u00f5es facilitadas, como dois anos de car\u00eancia e 10 anos para pagamento, com juros de 7% ao ano. O objetivo \u00e9 financiar a recupera\u00e7\u00e3o de \u00e1reas degradadas pelo fogo, como pastagens e lavouras, devolvendo a produtividade \u00e0s regi\u00f5es afetadas.<\/p>\n<\/div>\n<div>\n<p>Segundo o ministro, a destrui\u00e7\u00e3o causada pelos inc\u00eandios, muitos deles criminosos, exigiu uma resposta r\u00e1pida do governo. O presidente Luiz In\u00e1cio Lula da Silva acionou a equipe do Minist\u00e9rio da Agricultura para elaborar um plano de apoio aos produtores que perderam suas \u00e1reas e maquin\u00e1rios. F\u00e1varo enfatizou a import\u00e2ncia de dar suporte aos agricultores e garantir que o impacto na produ\u00e7\u00e3o de alimentos e combust\u00edveis seja o menor poss\u00edvel.<\/p>\n<p>\u201cEsses inc\u00eandios afetam diretamente a capacidade de produ\u00e7\u00e3o do pa\u00eds, e nossa prioridade \u00e9 garantir que os produtores tenham acesso ao cr\u00e9dito necess\u00e1rio para recuperar suas \u00e1reas e voltar a produzir\u201d, afirmou F\u00e1varo.<\/p>\n<h2 class=\"wp-block-heading\" id=\"h-regras-do-programa\"><strong>Regras do programa<\/strong><\/h2>\n<p>Guilherme Campos, secret\u00e1rio de Pol\u00edtica Agr\u00edcola do Minist\u00e9rio da Agricultura, explicou que o cr\u00e9dito ser\u00e1 concedido mediante a apresenta\u00e7\u00e3o de um laudo t\u00e9cnico comprovando os danos causados pelo inc\u00eandio, al\u00e9m de imagens de sat\u00e9lite que evidenciem o impacto antes e depois do fogo. O laudo tamb\u00e9m precisa ser acompanhado de um termo circunstanciado, que exime o agricultor de responsabilidade criminal pelo ocorrido.<\/p>\n<p>\u201cA recupera\u00e7\u00e3o das \u00e1reas atingidas \u00e9 o foco do programa, e os recursos podem ser usados para recuperar pastagens, lavouras e \u00e1reas degradadas. O valor m\u00e1ximo financiado \u00e9 de at\u00e9 R$ 5 milh\u00f5es por ano\u201d, detalhou Campos.<\/p>\n<p>A linha de cr\u00e9dito est\u00e1 dispon\u00edvel para todos os produtores afetados, que poder\u00e3o solicitar o financiamento por meio de institui\u00e7\u00f5es banc\u00e1rias que operam no Sistema Nacional de Cr\u00e9dito Rural, incluindo o Banco Nacional de Desenvolvimento Econ\u00f4mico e Social (BNDES).<\/p>\n<h2 class=\"wp-block-heading\" id=\"h-rapidez-na-liberacao-dos-recursos\">Rapidez na libera\u00e7\u00e3o dos recursos<\/h2>\n<p>O secret\u00e1rio adjunto do Minist\u00e9rio da Agricultura, Wilson Vaz de Ara\u00fajo, destacou a agilidade com que o governo pretende liberar os recursos. \u201cA linha de cr\u00e9dito j\u00e1 est\u00e1 em opera\u00e7\u00e3o dentro do Plano Safra, e parte do or\u00e7amento ser\u00e1 alocado para essa finalidade espec\u00edfica, garantindo que os produtores possam retomar suas atividades o mais r\u00e1pido poss\u00edvel.\u201d<\/p>\n<p>Com esse apoio financeiro, o governo busca minimizar os impactos negativos na produ\u00e7\u00e3o nacional, garantindo a recupera\u00e7\u00e3o das \u00e1reas atingidas pelos inc\u00eandios e a continuidade da produ\u00e7\u00e3o de alimentos e combust\u00edveis no pa\u00eds.<\/p>\n<\/div>\n<p><br \/>\n<br \/><a href=\"https:\/\/www.canalrural.com.br\/agricultura\/vamos-garantir-que-o-produtor-volte-a-produzir-afirma-favaro-sobre-credito-para-areas-incendiadas\/\">Source link <\/a><\/p>\n","protected":false},"excerpt":{"rendered":"<p>O ministro da Agricultura, Carlos F\u00e1varo, anunciou um programa de cr\u00e9dito exclusivo para ajudar os produtores rurais afetados pelos inc\u00eandios<\/p>\n","protected":false},"author":1,"featured_media":1528,"comment_status":"open","ping_status":"open","sticky":false,"template":"","format":"standard","meta":{"_monsterinsights_skip_tracking":false,"_monsterinsights_sitenote_active":false,"_monsterinsights_sitenote_note":"","_monsterinsights_sitenote_category":0,"_uf_show_specific_survey":0,"_uf_disable_surveys":false,"footnotes":""},"categories":[1],"tags":[],"class_list":["post-1527","post","type-post","status-publish","format-standard","has-post-thumbnail","hentry","category-news"],"_links":{"self":[{"href":"https:\/\/agromt.news\/index.php?rest_route=\/wp\/v2\/posts\/1527"}],"collection":[{"href":"https:\/\/agromt.news\/index.php?rest_route=\/wp\/v2\/posts"}],"about":[{"href":"https:\/\/agromt.news\/index.php?rest_route=\/wp\/v2\/types\/post"}],"author":[{"embeddable":true,"href":"https:\/\/agromt.news\/index.php?rest_route=\/wp\/v2\/users\/1"}],"replies":[{"embeddable":true,"href":"https:\/\/agromt.news\/index.php?rest_route=%2Fwp%2Fv2%2Fcomments&post=1527"}],"version-history":[{"count":0,"href":"https:\/\/agromt.news\/index.php?rest_route=\/wp\/v2\/posts\/1527\/revisions"}],"wp:featuredmedia":[{"embeddable":true,"href":"https:\/\/agromt.news\/index.php?rest_route=\/wp\/v2\/media\/1528"}],"wp:attachment":[{"href":"https:\/\/agromt.news\/index.php?rest_route=%2Fwp%2Fv2%2Fmedia&parent=1527"}],"wp:term":[{"taxonomy":"category","embeddable":true,"href":"https:\/\/agromt.news\/index.php?rest_route=%2Fwp%2Fv2%2Fcategories&post=1527"},{"taxonomy":"post_tag","embeddable":true,"href":"https:\/\/agromt.news\/index.php?rest_route=%2Fwp%2Fv2%2Ftags&post=1527"}],"curies":[{"name":"wp","href":"https:\/\/api.w.org\/{rel}","templated":true}]}}