{"id":15244,"date":"2025-06-18T10:54:27","date_gmt":"2025-06-18T14:54:27","guid":{"rendered":"https:\/\/agromt.news\/?p=15244"},"modified":"2025-06-18T10:54:27","modified_gmt":"2025-06-18T14:54:27","slug":"iniciada-a-colheita-da-safra-2024-25","status":"publish","type":"post","link":"https:\/\/agromt.news\/?p=15244","title":{"rendered":"iniciada a colheita da safra 2024\/25"},"content":{"rendered":"<p> <br \/>\n<br \/><img decoding=\"async\" src=\"https:\/\/agromt.news\/wp-content\/uploads\/2025\/06\/iniciada-a-colheita-da-safra-202425.jpg\" \/><\/p>\n<div>\n<p>Com expectativa de produ\u00e7\u00e3o recorde, a safra de algod\u00e3o 2024\/25 come\u00e7a a ser colhida, aos poucos, no Brasil. \u00c9 isso que mostram os levantamentos do <a href=\"https:\/\/www.canalrural.com.br\/tag\/cepea\/\">Centro de Estudos Avan\u00e7ados em Economia Aplicada (Cepea)<\/a>.<\/p>\n<p>Por outro lado, as negocia\u00e7\u00f5es seguem lentas no spot nacional e os pre\u00e7os, est\u00e1veis, de acordo com o Cepea.\u00a0<\/p>\n<p>A desvaloriza\u00e7\u00e3o do d\u00f3lar frente ao Real, somada aos recuos nas cota\u00e7\u00f5es internacionais v\u00eam pressionando a paridade de exporta\u00e7\u00e3o. Dessa forma, vendedores dom\u00e9sticos tem se mantido afastados de novos neg\u00f3cios, mesmo diante da entrada da nova safra.\u00a0<\/p>\n<\/div>\n<div>\n<p>Compradores, por sua vez, ficam ativos no spot apenas quando h\u00e1 necessidade mais urgente de renovar estoques.\u00a0<\/p>\n<p>Em relat\u00f3rio divulgado no \u00faltimo dia 12, a Conab apontou novos reajustes positivos na produ\u00e7\u00e3o brasileira de pluma da temporada 2024\/25, de 0,2% frente aos dados de maio\/25 e de 5,7% em compara\u00e7\u00e3o \u00e0 safra 2023\/24, podendo chegar a 3,913 milh\u00f5es de toneladas.<\/p>\n<p><em>*Sob supervis\u00e3o de Luis Roberto Toledo<\/em><\/p>\n<\/p><\/div>\n<p><br \/>\n<br \/><a href=\"https:\/\/www.canalrural.com.br\/agricultura\/algodao-iniciada-a-colheita-da-safra-2024-25\/\">Source link <\/a><\/p>\n","protected":false},"excerpt":{"rendered":"<p>Com expectativa de produ\u00e7\u00e3o recorde, a safra de algod\u00e3o 2024\/25 come\u00e7a a ser colhida, aos poucos, no Brasil. \u00c9 isso<\/p>\n","protected":false},"author":1,"featured_media":15245,"comment_status":"open","ping_status":"open","sticky":false,"template":"","format":"standard","meta":{"_monsterinsights_skip_tracking":false,"_monsterinsights_sitenote_active":false,"_monsterinsights_sitenote_note":"","_monsterinsights_sitenote_category":0,"_uf_show_specific_survey":0,"_uf_disable_surveys":false,"footnotes":""},"categories":[1],"tags":[],"class_list":["post-15244","post","type-post","status-publish","format-standard","has-post-thumbnail","hentry","category-news"],"_links":{"self":[{"href":"https:\/\/agromt.news\/index.php?rest_route=\/wp\/v2\/posts\/15244"}],"collection":[{"href":"https:\/\/agromt.news\/index.php?rest_route=\/wp\/v2\/posts"}],"about":[{"href":"https:\/\/agromt.news\/index.php?rest_route=\/wp\/v2\/types\/post"}],"author":[{"embeddable":true,"href":"https:\/\/agromt.news\/index.php?rest_route=\/wp\/v2\/users\/1"}],"replies":[{"embeddable":true,"href":"https:\/\/agromt.news\/index.php?rest_route=%2Fwp%2Fv2%2Fcomments&post=15244"}],"version-history":[{"count":0,"href":"https:\/\/agromt.news\/index.php?rest_route=\/wp\/v2\/posts\/15244\/revisions"}],"wp:featuredmedia":[{"embeddable":true,"href":"https:\/\/agromt.news\/index.php?rest_route=\/wp\/v2\/media\/15245"}],"wp:attachment":[{"href":"https:\/\/agromt.news\/index.php?rest_route=%2Fwp%2Fv2%2Fmedia&parent=15244"}],"wp:term":[{"taxonomy":"category","embeddable":true,"href":"https:\/\/agromt.news\/index.php?rest_route=%2Fwp%2Fv2%2Fcategories&post=15244"},{"taxonomy":"post_tag","embeddable":true,"href":"https:\/\/agromt.news\/index.php?rest_route=%2Fwp%2Fv2%2Ftags&post=15244"}],"curies":[{"name":"wp","href":"https:\/\/api.w.org\/{rel}","templated":true}]}}