{"id":15240,"date":"2025-06-18T10:10:04","date_gmt":"2025-06-18T14:10:04","guid":{"rendered":"https:\/\/agromt.news\/?p=15240"},"modified":"2025-06-18T10:10:04","modified_gmt":"2025-06-18T14:10:04","slug":"cafe-segue-apresentando-queda-nos-precos-com-avanco-da-colheita","status":"publish","type":"post","link":"https:\/\/agromt.news\/?p=15240","title":{"rendered":"Caf\u00e9 segue apresentando queda nos pre\u00e7os com avan\u00e7o da colheita"},"content":{"rendered":"<p> <br \/>\n<br \/><img decoding=\"async\" src=\"https:\/\/agromt.news\/wp-content\/uploads\/2025\/06\/Cafe-segue-apresentando-queda-nos-precos-com-avanco-da-colheita.jpg\" \/><\/p>\n<div>\n<p>O avan\u00e7o da colheita de caf\u00e9 nas principais regi\u00f5es produtoras do Brasil tem mantido os pre\u00e7os do gr\u00e3o em queda. Isso de acordo com os levantamentos do <a href=\"https:\/\/www.canalrural.com.br\/tag\/cepea\/\">Centro de Estudos Avan\u00e7ados em Economia Aplicada (Cepea)<\/a>.<\/p>\n<p>De acordo com o Indicador Cepea\/Esalq do ar\u00e1bica tipo 6, bebida dura para melhor, posto na capital paulista, voltou a operar abaixo de R$ 2.200 a saca de 60 kg nesta semana. A variedade n\u00e3o atingia valores t\u00e3o baixos desde dezembro de 2024, em termos nominais. No acumulado da parcial de junho (at\u00e9 o dia 16), a retra\u00e7\u00e3o \u00e9 de 7,2%.\u00a0<\/p>\n<\/div>\n<div>\n<p>Para o robusta, o Indicador Cepea\/Esalq do tipo 6, peneira 13 acima, a retirar no Esp\u00edrito Santo, acumula queda ainda mais intensa no m\u00eas. A baixa acumulou de 8,65% (tamb\u00e9m at\u00e9 o dia 16), voltando a fechar abaixo dos R$ 1.300\/sc, patamar de agosto\/24.\u00a0<\/p>\n<p>Levantamento do Cepea mostra que, at\u00e9 o fim da \u00faltima semana, a colheita do ar\u00e1bica somava entre 20% e 25% do esperado. Para o robusta, as atividades se aproximam da metade. Destaca-se que a safra desta variedade deve superar as 20 milh\u00f5es de sacas, compensando a menor produ\u00e7\u00e3o do ar\u00e1bica em 2025\/26.<\/p>\n<p><em>*Sob supervis\u00e3o de Luis Roberto Toledo<\/em><\/p>\n<\/p><\/div>\n<p><br \/>\n<br \/><a href=\"https:\/\/www.canalrural.com.br\/agricultura\/cafe-segue-apresentando-queda-nos-precos-com-avanco-da-colheita\/\">Source link <\/a><\/p>\n","protected":false},"excerpt":{"rendered":"<p>O avan\u00e7o da colheita de caf\u00e9 nas principais regi\u00f5es produtoras do Brasil tem mantido os pre\u00e7os do gr\u00e3o em queda.<\/p>\n","protected":false},"author":1,"featured_media":15241,"comment_status":"open","ping_status":"open","sticky":false,"template":"","format":"standard","meta":{"_monsterinsights_skip_tracking":false,"_monsterinsights_sitenote_active":false,"_monsterinsights_sitenote_note":"","_monsterinsights_sitenote_category":0,"_uf_show_specific_survey":0,"_uf_disable_surveys":false,"footnotes":""},"categories":[1],"tags":[],"class_list":["post-15240","post","type-post","status-publish","format-standard","has-post-thumbnail","hentry","category-news"],"_links":{"self":[{"href":"https:\/\/agromt.news\/index.php?rest_route=\/wp\/v2\/posts\/15240"}],"collection":[{"href":"https:\/\/agromt.news\/index.php?rest_route=\/wp\/v2\/posts"}],"about":[{"href":"https:\/\/agromt.news\/index.php?rest_route=\/wp\/v2\/types\/post"}],"author":[{"embeddable":true,"href":"https:\/\/agromt.news\/index.php?rest_route=\/wp\/v2\/users\/1"}],"replies":[{"embeddable":true,"href":"https:\/\/agromt.news\/index.php?rest_route=%2Fwp%2Fv2%2Fcomments&post=15240"}],"version-history":[{"count":0,"href":"https:\/\/agromt.news\/index.php?rest_route=\/wp\/v2\/posts\/15240\/revisions"}],"wp:featuredmedia":[{"embeddable":true,"href":"https:\/\/agromt.news\/index.php?rest_route=\/wp\/v2\/media\/15241"}],"wp:attachment":[{"href":"https:\/\/agromt.news\/index.php?rest_route=%2Fwp%2Fv2%2Fmedia&parent=15240"}],"wp:term":[{"taxonomy":"category","embeddable":true,"href":"https:\/\/agromt.news\/index.php?rest_route=%2Fwp%2Fv2%2Fcategories&post=15240"},{"taxonomy":"post_tag","embeddable":true,"href":"https:\/\/agromt.news\/index.php?rest_route=%2Fwp%2Fv2%2Ftags&post=15240"}],"curies":[{"name":"wp","href":"https:\/\/api.w.org\/{rel}","templated":true}]}}