{"id":15233,"date":"2025-06-18T08:59:45","date_gmt":"2025-06-18T12:59:45","guid":{"rendered":"https:\/\/agromt.news\/?p=15233"},"modified":"2025-06-18T08:59:45","modified_gmt":"2025-06-18T12:59:45","slug":"etno-expo-2025-destaca-etnoturismo-e-valorizacao-indigena-em-mt","status":"publish","type":"post","link":"https:\/\/agromt.news\/?p=15233","title":{"rendered":"&#8216;Etno Expo 2025&#8217; destaca etnoturismo e valoriza\u00e7\u00e3o ind\u00edgena em MT"},"content":{"rendered":"<p> <br \/>\n<br \/><img decoding=\"async\" src=\"https:\/\/agromt.news\/wp-content\/uploads\/2025\/06\/Etno-Expo-2025-destaca-etnoturismo-e-valorizacao-indigena-em-MT.png\" \/><\/p>\n<div>\n<p>A terceira edi\u00e7\u00e3o da \u2018Etno Expo 2025\u2019 ser\u00e1 realizada nos dias 27 e 28 de junho, na Aldeia Wazare, em Campo Novo do Parecis, a 391 km de Cuiab\u00e1.<\/p>\n<p>O evento tem como objetivo valorizar a cultura ind\u00edgena e fortalecer o <a href=\"http:\/\/etnoturismo,%20povos%20ind%C3%ADgenas,%20cultura%20tradicional,%20Haliti-Paresi,%20Mato%20Grosso,%20turismo%20de%20base%20comunit%C3%A1ria,%20aldeia%20Wazare,%20Campo%20Novo%20do%20Parecis,%20turismo%20sustent%C3%A1vel,%20desenvolvimento%20cultural,\">etnoturismo<\/a>. A proposta \u00e9 promover a <a href=\"https:\/\/www.canalrural.com.br\/empreendedorismo\/grupo-de-quilombolas-transforma-fibra-da-banana-em-arte-e-garante-renda-extra\/\">gera\u00e7\u00e3o de renda<\/a>, preservar tradi\u00e7\u00f5es e estimular o turismo sustent\u00e1vel.<\/p>\n<p>A iniciativa \u00e9 do Sebrae\/MT em parceria entre as prefeituras de Campo Novo do Parecis e Sapezal. Durante os dois dias, o encontro reunir\u00e1 lideran\u00e7as ind\u00edgenas, empreendedores, agentes de turismo, pesquisadores e autoridades.<\/p>\n<p>As inscri\u00e7\u00f5es s\u00e3o gratuitas e a programa\u00e7\u00e3o j\u00e1 est\u00e1 dispon\u00edvel. <strong><a href=\"https:\/\/www.sympla.com.br\/evento\/3-edicao-etno-expo-2025\/2929023?referrer=mt.agenciasebrae.com.br\">Clique aqui <\/a><\/strong>para participar.<\/p>\n<p>Segundo Wlademir Alves da Silva, gerente regional do <a href=\"https:\/\/mt.agenciasebrae.com.br\/cultura-empreendedora\/parceria-entre-sebrae-mt-e-prefeituras-promove-cultura-indigena-e-etnoturismo\/\">Sebrae\/MT <\/a>em Tangar\u00e1 da Serra, a institui\u00e7\u00e3o atua na roteiriza\u00e7\u00e3o de destinos tur\u00edsticos. Al\u00e9m disso, promove capacita\u00e7\u00e3o dentro das aldeias para ampliar seu potencial.<\/p>\n<\/div>\n<div>\n<p>\u201cPrecisamos desenvolver as comunidades por meio de cursos e capacita\u00e7\u00f5es para promover um turismo sustent\u00e1vel, consciente, al\u00e9m de preservar a cultura das pessoas em seus territ\u00f3rios. Dessa forma, fazemos com que as pessoas dessas comunidades se tornem protagonistas de suas pr\u00f3prias hist\u00f3rias e gere emprego e renda para a regi\u00e3o\u201d, explica Silva.<\/p>\n<ul class=\"wp-block-list\">\n<li><em>Participe do Porteira Aberta Empreender: envie perguntas, sugest\u00f5es e conte sua hist\u00f3ria de empreendedorismo pelo\u00a0<\/em><a href=\"https:\/\/api.whatsapp.com\/send?phone=5511932796720&amp;PorteiraAbertaEmpreender=SuaMensagem\"><strong>WhatsApp<\/strong><\/a><\/li>\n<\/ul>\n<h2 class=\"wp-block-heading\" id=\"h-tradicao-e-desenvolvimento-lado-a-lado\"><strong>Tradi\u00e7\u00e3o e desenvolvimento lado a lado<\/strong><\/h2>\n<p>Desde 2021, oito aldeias da etnia Haliti-Paresi recebem apoio para estrutura\u00e7\u00e3o de <a href=\"https:\/\/www.canalrural.com.br\/empreendedorismo\/turismo-de-experiencia-atrai-visitantes-para-vivencias-no-campo-capixaba\/\">roteiros tur\u00edsticos<\/a>.\u00a0Para o cacique Rony Paresi, o trabalho do Sebrae\/MT foi fundamental e, como resultado, houve aumento no n\u00famero de visitantes e oportunidades de neg\u00f3cio. \u00a0<\/p>\n<p>\u201cGra\u00e7as a esse casamento de conhecimento e turismo, podemos trazer muito mais pessoas para conhecer nossa aldeia, desmistificar a figura do \u00edndio e mostrar que nos adaptamos \u00e0 contemporaneidade, mas sem perder a cultura e os costumes. Estamos conectados com o mundo global\u201d, finaliza Paresi.\u201d<\/p>\n<p>Al\u00e9m disso, aldeias dos povos Rikbaktsa, Manoki e Myky tamb\u00e9m est\u00e3o sendo preparadas para visita\u00e7\u00e3o. Isso amplia ainda mais o alcance do projeto em Mato Grosso.<\/p>\n<\/p><\/div>\n<p><br \/>\n<br \/><a href=\"https:\/\/www.canalrural.com.br\/empreendedorismo\/etno-expo-2025-destaca-etnoturismo-e-valorizacao-indigena-em-mt\/\">Source link <\/a><\/p>\n","protected":false},"excerpt":{"rendered":"<p>A terceira edi\u00e7\u00e3o da \u2018Etno Expo 2025\u2019 ser\u00e1 realizada nos dias 27 e 28 de junho, na Aldeia Wazare, em<\/p>\n","protected":false},"author":1,"featured_media":15234,"comment_status":"open","ping_status":"open","sticky":false,"template":"","format":"standard","meta":{"_monsterinsights_skip_tracking":false,"_monsterinsights_sitenote_active":false,"_monsterinsights_sitenote_note":"","_monsterinsights_sitenote_category":0,"_uf_show_specific_survey":0,"_uf_disable_surveys":false,"footnotes":""},"categories":[1],"tags":[],"class_list":["post-15233","post","type-post","status-publish","format-standard","has-post-thumbnail","hentry","category-news"],"_links":{"self":[{"href":"https:\/\/agromt.news\/index.php?rest_route=\/wp\/v2\/posts\/15233"}],"collection":[{"href":"https:\/\/agromt.news\/index.php?rest_route=\/wp\/v2\/posts"}],"about":[{"href":"https:\/\/agromt.news\/index.php?rest_route=\/wp\/v2\/types\/post"}],"author":[{"embeddable":true,"href":"https:\/\/agromt.news\/index.php?rest_route=\/wp\/v2\/users\/1"}],"replies":[{"embeddable":true,"href":"https:\/\/agromt.news\/index.php?rest_route=%2Fwp%2Fv2%2Fcomments&post=15233"}],"version-history":[{"count":0,"href":"https:\/\/agromt.news\/index.php?rest_route=\/wp\/v2\/posts\/15233\/revisions"}],"wp:featuredmedia":[{"embeddable":true,"href":"https:\/\/agromt.news\/index.php?rest_route=\/wp\/v2\/media\/15234"}],"wp:attachment":[{"href":"https:\/\/agromt.news\/index.php?rest_route=%2Fwp%2Fv2%2Fmedia&parent=15233"}],"wp:term":[{"taxonomy":"category","embeddable":true,"href":"https:\/\/agromt.news\/index.php?rest_route=%2Fwp%2Fv2%2Fcategories&post=15233"},{"taxonomy":"post_tag","embeddable":true,"href":"https:\/\/agromt.news\/index.php?rest_route=%2Fwp%2Fv2%2Ftags&post=15233"}],"curies":[{"name":"wp","href":"https:\/\/api.w.org\/{rel}","templated":true}]}}