{"id":15231,"date":"2025-06-18T08:54:13","date_gmt":"2025-06-18T12:54:13","guid":{"rendered":"https:\/\/agromt.news\/?p=15231"},"modified":"2025-06-18T08:54:13","modified_gmt":"2025-06-18T12:54:13","slug":"chuvas-bloqueiam-rodovia-entre-novo-cabrais-e-candelaria","status":"publish","type":"post","link":"https:\/\/agromt.news\/?p=15231","title":{"rendered":"Chuvas bloqueiam rodovia entre Novo Cabrais e Candel\u00e1ria"},"content":{"rendered":"<p> <br \/>\n<\/p>\n<div>\n<div class=\"row\">\n<div class=\"col-lg col-infos mt-0 mt-lg-0\">\n<div class=\"section-sub-title\">\n<p itemprop=\"description\">&#13;<br \/>\n                                Com pista alagada e ponte danificada, motoristas enfrentam desvios no Centro do RS&#13;<br \/>\n&#13;<br \/>\n&#13;\n                            <\/p>\n<\/p><\/div>\n<div class=\"container\">\n<div class=\"row\">\n<div class=\"col-lg p-0\">\n<div>\n<div class=\"block-news-main-infos mt-3 text-start\">\n<p>                                            <strong class=\"fn\" itemprop=\"author\" style=\"color: rgb(112, 112, 112); \">&#13;<br \/>\n                                                <a href=\"https:\/\/www.agrolink.com.br\/noticias\/javascript:;\" class=\"text-uppercase\" target=\"_blank\" style=\"color: rgb(112, 112, 112); \" rel=\"noopener\">Agrolink<\/a>&#13;<br \/>\n&#13;<br \/>\n                                                    &#8211; Aline Merladete&#13;<br \/>\n&#13;<br \/>\n                                            <\/strong><br \/>\n                                        <\/p>\n<p>                                            <abbr><time datetime=\"2025-06-17T09:18\" itemprop=\"datePublished dateModified\">Publicado em 17\/06\/2025 \u00e0s 09:18h.<\/time><\/abbr><br \/>\n                                            <\/p><\/div>\n<\/p><\/div>\n<\/p><\/div>\n<div class=\"col-lg p-0 text-lg-end\">\n<div>\n<div id=\"mdEnviarPagina\" class=\"modal fade\" role=\"dialog\">\n<div class=\"modal-dialog\">\n<div class=\"modal-content\">\n<div class=\"modal-body\">\n<p><strong>Estimado usu\u00e1rio.<\/strong><br \/>Preencha o formul\u00e1rio abaixo para remeter a p\u00e1gina.<\/p>\n<\/p><\/div>\n<\/p><\/div>\n<\/p><\/div>\n<\/div><\/div>\n<\/p><\/div>\n<\/p><\/div>\n<\/p><\/div>\n<\/p><\/div>\n<\/p><\/div>\n<div class=\"row justify-content-md-center mt-3\">\n<div class=\"col-lg-auto col-image block-news-main-image\">\n<p>                                <img decoding=\"async\" src=\"https:\/\/www.agrolink.com.br\/upload\/imagens-resizes\/93c39da87d31406b8f7a7273c456d6d6_858x483.jpg\" class=\"lazyload img-fluid\"\/><br \/>\n                                                <span class=\"publicity-photo d-block mt-1\">Foto: Reprodu\u00e7\u00e3o\/Redes Sociais<\/span><\/p><\/div>\n<\/p><\/div>\n<div class=\"section-description section-description-noticias mt-3\">\n<p style=\"text-align:justify\">As intensas chuvas que atingem a regi\u00e3o Central do Rio Grande do Sul provocaram o bloqueio total de dois trechos da RSC-287 entre os munic\u00edpios de Novo Cabrais e Candel\u00e1ria, principal liga\u00e7\u00e3o entre o interior e a Regi\u00e3o Metropolitana.\u00a0<\/p>\n<p style=\"text-align:justify\">Segundo informa\u00e7\u00f5es do Batalh\u00e3o Rodovi\u00e1rio da Brigada Militar, a sinaliza\u00e7\u00e3o de alerta foi instalada ainda nas primeiras horas do dia, e os motoristas precisam buscar rotas alternativas. A principal op\u00e7\u00e3o indicada \u00e9 utilizar a BR-153 por Cachoeira do Sul, com acesso posterior \u00e0 BR-290 em dire\u00e7\u00e3o a Porto Alegre.&#13;\n<\/p>\n<p style=\"text-align:justify\">Al\u00e9m desse ponto cr\u00edtico, outro trecho da RSC-287 tamb\u00e9m foi interditado no km 167, ainda em Novo Cabrais. Neste caso, o bloqueio ocorreu ap\u00f3s o Arroio Barriga transbordar e cobrir o desvio provis\u00f3rio constru\u00eddo pela concession\u00e1ria Rota de Santa Maria \u2014 estrutura que substitui temporariamente a pista original danificada em enchentes anteriores.&#13;\n<\/p>\n<p style=\"text-align:justify\">Nos dois locais, o tr\u00e1fego est\u00e1 completamente interrompido nos dois sentidos, sem previs\u00e3o para libera\u00e7\u00e3o. Equipes da Empresa Ga\u00facha de Rodovias (EGR), com sede em Candel\u00e1ria, devem inspecionar os danos ainda na tarde deste domingo para definir as pr\u00f3ximas a\u00e7\u00f5es de recupera\u00e7\u00e3o.&#13;\n<\/p>\n<p style=\"text-align:justify\">Com a RSC-287 comprometida em dois pontos estrat\u00e9gicos, a recomenda\u00e7\u00e3o \u00e9 que condutores programem seus deslocamentos com aten\u00e7\u00e3o redobrada e consultem as condi\u00e7\u00f5es das estradas antes de sair.\u00a0<\/p>\n<\/p><\/div>\n<\/p><\/div>\n<p><script data-cfasync=\"false\">\n    !function (f, b, e, v, n, t, s) {\n        if (f.fbq) return; n = f.fbq = function () {\n            n.callMethod ?\n                n.callMethod.apply(n, arguments) : n.queue.push(arguments)\n        };\n        if (!f._fbq) f._fbq = n; n.push = n; n.loaded = !0; n.version = '2.0';\n        n.queue = []; t = b.createElement(e); t.async = !0;\n        t.src = v; s = b.getElementsByTagName(e)[0];\n        s.parentNode.insertBefore(t, s)\n    }(window, document, 'script',\n        'https:\/\/connect.facebook.net\/en_US\/fbevents.js');\n    fbq('init', '522546078623747');\n    fbq('track', 'PageView');\n<\/script><br \/>\n<br \/><br \/>\n<br \/><a href=\"https:\/\/www.agrolink.com.br\/noticias\/chuvas-bloqueiam-rodovia-entre-novo-cabrais-e-candelaria_502983.html\">Source link <\/a><\/p>\n","protected":false},"excerpt":{"rendered":"<p>&#13; Com pista alagada e ponte danificada, motoristas enfrentam desvios no Centro do RS&#13; &#13; &#13; &#13; Agrolink&#13; &#13; &#8211;<\/p>\n","protected":false},"author":1,"featured_media":15232,"comment_status":"open","ping_status":"open","sticky":false,"template":"","format":"standard","meta":{"_monsterinsights_skip_tracking":false,"_monsterinsights_sitenote_active":false,"_monsterinsights_sitenote_note":"","_monsterinsights_sitenote_category":0,"_uf_show_specific_survey":0,"_uf_disable_surveys":false,"footnotes":""},"categories":[8,1,14],"tags":[],"class_list":["post-15231","post","type-post","status-publish","format-standard","has-post-thumbnail","hentry","category-agro","category-news","category-politica-agro"],"_links":{"self":[{"href":"https:\/\/agromt.news\/index.php?rest_route=\/wp\/v2\/posts\/15231"}],"collection":[{"href":"https:\/\/agromt.news\/index.php?rest_route=\/wp\/v2\/posts"}],"about":[{"href":"https:\/\/agromt.news\/index.php?rest_route=\/wp\/v2\/types\/post"}],"author":[{"embeddable":true,"href":"https:\/\/agromt.news\/index.php?rest_route=\/wp\/v2\/users\/1"}],"replies":[{"embeddable":true,"href":"https:\/\/agromt.news\/index.php?rest_route=%2Fwp%2Fv2%2Fcomments&post=15231"}],"version-history":[{"count":0,"href":"https:\/\/agromt.news\/index.php?rest_route=\/wp\/v2\/posts\/15231\/revisions"}],"wp:featuredmedia":[{"embeddable":true,"href":"https:\/\/agromt.news\/index.php?rest_route=\/wp\/v2\/media\/15232"}],"wp:attachment":[{"href":"https:\/\/agromt.news\/index.php?rest_route=%2Fwp%2Fv2%2Fmedia&parent=15231"}],"wp:term":[{"taxonomy":"category","embeddable":true,"href":"https:\/\/agromt.news\/index.php?rest_route=%2Fwp%2Fv2%2Fcategories&post=15231"},{"taxonomy":"post_tag","embeddable":true,"href":"https:\/\/agromt.news\/index.php?rest_route=%2Fwp%2Fv2%2Ftags&post=15231"}],"curies":[{"name":"wp","href":"https:\/\/api.w.org\/{rel}","templated":true}]}}