{"id":15230,"date":"2025-06-18T06:58:40","date_gmt":"2025-06-18T10:58:40","guid":{"rendered":"https:\/\/agromt.news\/?p=15230"},"modified":"2025-06-18T06:58:40","modified_gmt":"2025-06-18T10:58:40","slug":"como-produzir-mais-com-menos-impacto","status":"publish","type":"post","link":"https:\/\/agromt.news\/?p=15230","title":{"rendered":"Como produzir mais, com menos impacto?"},"content":{"rendered":"<p> <br \/>\n<\/p>\n<div>\n<div class=\"row\">\n<div class=\"col-lg col-infos mt-0 mt-lg-0\">\n<div class=\"section-sub-title\">\n<p itemprop=\"description\">&#13;<br \/>\n                                T\u00e9cnicas regenerativas aumentam a produ\u00e7\u00e3o&#13;\n                            <\/p>\n<\/p><\/div>\n<div class=\"container\">\n<div class=\"row\">\n<div class=\"col-lg p-0\">\n<div>\n<div class=\"block-news-main-infos mt-3 text-start\">\n<p>                                            <strong class=\"fn\" itemprop=\"author\" style=\"color: rgb(112, 112, 112); \">&#13;<br \/>\n                                                <a href=\"https:\/\/www.agrolink.com.br\/noticias\/javascript:;\" class=\"text-uppercase\" target=\"_blank\" style=\"color: rgb(112, 112, 112); \" rel=\"noopener\">Agrolink<\/a>&#13;<br \/>\n&#13;<br \/>\n                                                    &#8211; Leonardo Gottems&#13;<br \/>\n&#13;<br \/>\n                                            <\/strong><br \/>\n                                        <\/p>\n<p>                                            <abbr><time datetime=\"2025-06-17T09:28\" itemprop=\"datePublished dateModified\">Publicado em 17\/06\/2025 \u00e0s 09:28h.<\/time><\/abbr><br \/>\n                                            <\/p><\/div>\n<\/p><\/div>\n<\/p><\/div>\n<div class=\"col-lg p-0 text-lg-end\">\n<div>\n<div id=\"mdEnviarPagina\" class=\"modal fade\" role=\"dialog\">\n<div class=\"modal-dialog\">\n<div class=\"modal-content\">\n<div class=\"modal-body\">\n<p><strong>Estimado usu\u00e1rio.<\/strong><br \/>Preencha o formul\u00e1rio abaixo para remeter a p\u00e1gina.<\/p>\n<\/p><\/div>\n<\/p><\/div>\n<\/p><\/div>\n<\/div><\/div>\n<\/p><\/div>\n<\/p><\/div>\n<\/p><\/div>\n<\/p><\/div>\n<\/p><\/div>\n<div class=\"row justify-content-md-center mt-3\">\n<div class=\"col-lg-auto col-image block-news-main-image\">\n<p>                                <img decoding=\"async\" src=\"https:\/\/www.agrolink.com.br\/upload\/imagens-resizes\/ee1e29e9f5bc4b569bc38c9ef252f31d_858x483.jpg\" class=\"lazyload img-fluid\" alt=\"O impacto ambiental tamb\u00e9m se destaca\"\/><br \/>\n                                                <span class=\"d-block mt-1\">O impacto ambiental tamb\u00e9m se destaca &#8211; Foto: Pixabay<\/span><\/p><\/div>\n<\/p><\/div>\n<div class=\"section-description section-description-noticias mt-3\">\n<p>Um estudo recente da Alian\u00e7a Europeia para a Agricultura Regenerativa (EARA), divulgado este m\u00eas, aponta que pr\u00e1ticas agr\u00edcolas regenerativas lideradas por agricultores est\u00e3o superando modelos convencionais em produtividade, rentabilidade e sustentabilidade ecol\u00f3gica. Intitulado \u201cRegenerating Europe from the Ground Up\u201d, o relat\u00f3rio \u00e9 fruto de tr\u00eas anos de pesquisa (2021\u20132023) em 14 pa\u00edses europeus, utilizando o \u00edndice Regenerating Full Productivity (RFP) para medir, de forma integrada, os impactos agron\u00f4micos, econ\u00f4micos e ambientais das propriedades rurais.&#13;\n<\/p>\n<p>De acordo com os dados, agricultores que adotam pr\u00e1ticas regenerativas atingiram, em m\u00e9dia, uma produtividade plena 33% superior \u00e0 dos sistemas convencionais, com ganhos variando de 13% a 52%. Al\u00e9m disso, obtiveram aumento de 25% nos n\u00edveis de fotoss\u00edntese, 24% na cobertura do solo e 16% na diversidade de plantas. Mesmo apresentando apenas 2% menos rendimento em calorias e prote\u00ednas, esses produtores reduziram o uso de fertilizantes nitrogenados sint\u00e9ticos em 61% e de pesticidas em 75%, conquistando uma margem bruta 20% maior por hectare cultivado.<\/p>\n<p>O impacto ambiental tamb\u00e9m se destaca: caso metade das propriedades da Uni\u00e3o Europeia adotasse essas pr\u00e1ticas, seria poss\u00edvel compensar mais de tr\u00eas vezes as atuais emiss\u00f5es agr\u00edcolas, o que equivale a mitigar cerca de 513 milh\u00f5es de toneladas de CO2 por ano. Al\u00e9m disso, fazendas regenerativas reduziram a depend\u00eancia de ra\u00e7\u00e3o importada, produzindo alimentos para animais 100% dentro da Europa, o que fortalece a seguran\u00e7a alimentar e a soberania econ\u00f4mica regional.&#13;\n<\/p>\n<p>Para viabilizar a transi\u00e7\u00e3o em escala, a EARA defende que o \u00edndice RFP seja incorporado como indicador-chave em pol\u00edticas como a Pol\u00edtica Agr\u00edcola Comum (PAC), com incentivos baseados em desempenho ecol\u00f3gico e produtivo. Entre as propostas est\u00e3o seguros de transi\u00e7\u00e3o, subs\u00eddios vinculados a resultados e parcerias p\u00fablico-privadas que n\u00e3o enfraque\u00e7am as normas ambientais. \u201cO tempo de agir \u00e9 agora. Os instrumentos existem, os agricultores est\u00e3o prontos e os resultados j\u00e1 s\u00e3o vis\u00edveis\u201d, destaca o relat\u00f3rio, refor\u00e7ando o chamado para uma mudan\u00e7a de paradigma na agricultura europeia.<\/p>\n<p>&#13;<br \/>\n\u00a0<\/p>\n<\/p><\/div>\n<\/p><\/div>\n<p><script data-cfasync=\"false\">\n    !function (f, b, e, v, n, t, s) {\n        if (f.fbq) return; n = f.fbq = function () {\n            n.callMethod ?\n                n.callMethod.apply(n, arguments) : n.queue.push(arguments)\n        };\n        if (!f._fbq) f._fbq = n; n.push = n; n.loaded = !0; n.version = '2.0';\n        n.queue = []; t = b.createElement(e); t.async = !0;\n        t.src = v; s = b.getElementsByTagName(e)[0];\n        s.parentNode.insertBefore(t, s)\n    }(window, document, 'script',\n        'https:\/\/connect.facebook.net\/en_US\/fbevents.js');\n    fbq('init', '522546078623747');\n    fbq('track', 'PageView');\n<\/script><br \/>\n<br \/><br \/>\n<br \/><a href=\"https:\/\/www.agrolink.com.br\/noticias\/como-produzir-mais--com-menos-impacto-_502984.html\">Source link <\/a><\/p>\n","protected":false},"excerpt":{"rendered":"<p>&#13; T\u00e9cnicas regenerativas aumentam a produ\u00e7\u00e3o&#13; &#13; Agrolink&#13; &#13; &#8211; Leonardo Gottems&#13; &#13; Publicado em 17\/06\/2025 \u00e0s 09:28h. Estimado usu\u00e1rio.Preencha<\/p>\n","protected":false},"author":1,"featured_media":3252,"comment_status":"open","ping_status":"open","sticky":false,"template":"","format":"standard","meta":{"_monsterinsights_skip_tracking":false,"_monsterinsights_sitenote_active":false,"_monsterinsights_sitenote_note":"","_monsterinsights_sitenote_category":0,"_uf_show_specific_survey":0,"_uf_disable_surveys":false,"footnotes":""},"categories":[8,1,14],"tags":[],"class_list":["post-15230","post","type-post","status-publish","format-standard","has-post-thumbnail","hentry","category-agro","category-news","category-politica-agro"],"_links":{"self":[{"href":"https:\/\/agromt.news\/index.php?rest_route=\/wp\/v2\/posts\/15230"}],"collection":[{"href":"https:\/\/agromt.news\/index.php?rest_route=\/wp\/v2\/posts"}],"about":[{"href":"https:\/\/agromt.news\/index.php?rest_route=\/wp\/v2\/types\/post"}],"author":[{"embeddable":true,"href":"https:\/\/agromt.news\/index.php?rest_route=\/wp\/v2\/users\/1"}],"replies":[{"embeddable":true,"href":"https:\/\/agromt.news\/index.php?rest_route=%2Fwp%2Fv2%2Fcomments&post=15230"}],"version-history":[{"count":0,"href":"https:\/\/agromt.news\/index.php?rest_route=\/wp\/v2\/posts\/15230\/revisions"}],"wp:featuredmedia":[{"embeddable":true,"href":"https:\/\/agromt.news\/index.php?rest_route=\/wp\/v2\/media\/3252"}],"wp:attachment":[{"href":"https:\/\/agromt.news\/index.php?rest_route=%2Fwp%2Fv2%2Fmedia&parent=15230"}],"wp:term":[{"taxonomy":"category","embeddable":true,"href":"https:\/\/agromt.news\/index.php?rest_route=%2Fwp%2Fv2%2Fcategories&post=15230"},{"taxonomy":"post_tag","embeddable":true,"href":"https:\/\/agromt.news\/index.php?rest_route=%2Fwp%2Fv2%2Ftags&post=15230"}],"curies":[{"name":"wp","href":"https:\/\/api.w.org\/{rel}","templated":true}]}}