{"id":15226,"date":"2025-06-18T04:50:17","date_gmt":"2025-06-18T08:50:17","guid":{"rendered":"https:\/\/agromt.news\/?p=15226"},"modified":"2025-06-18T04:50:17","modified_gmt":"2025-06-18T08:50:17","slug":"frente-fria-no-sul-deve-causar-temporais-e-atingir-dois-estados-em-cheio","status":"publish","type":"post","link":"https:\/\/agromt.news\/?p=15226","title":{"rendered":"Frente fria no Sul deve causar temporais e atingir dois estados em cheio"},"content":{"rendered":"<p> <br \/>\n<br \/><img decoding=\"async\" src=\"https:\/\/agromt.news\/wp-content\/uploads\/2024\/09\/Semana-comeca-com-chuva-em-algumas-areas-tem-ate-chance.jpg\" \/><\/p>\n<div>\n<p>A forma\u00e7\u00e3o de uma frente fria intensifica as instabilidades no Rio Grande do Sul, levando temporais tamb\u00e9m para Santa Catarina. <\/p>\n<div data-icp-cta=\"1\" id=\"icp-cta-unique\">Voc\u00ea quer entender como usar o clima a seu favor?<b> <\/b><a href=\"https:\/\/climacampo.canalrural.com.br\/climacampo_-01\">Preparamos um e-book exclusivo<\/a> para ajudar produtores rurais a se antecipar \u00e0s mudan\u00e7as do tempo e planejar melhor suas a\u00e7\u00f5es. Com base em previs\u00f5es meteorol\u00f3gicas confi\u00e1veis, ele oferece orienta\u00e7\u00f5es pr\u00e1ticas para proteger sua lavoura e otimizar seus resultados.<\/div>\n<p><strong><a href=\"https:\/\/www.canalrural.com.br\/nacional\/chuvas-fortes-provocam-mortes-e-danos-em-municipios-gauchos\/\">Munic\u00edpios ga\u00fachos est\u00e3o em alerta m\u00e1ximo para a grande quantidade de chuva<\/a><\/strong> que deve cair nos pr\u00f3ximos dias. Veja a previs\u00e3o para todo o Brasil:<\/p>\n<h2 class=\"wp-block-heading\" id=\"h-sul\">Sul<\/h2>\n<p>A intensifica\u00e7\u00e3o dos ventos vindos da Regi\u00e3o Norte e a forma\u00e7\u00e3o de uma frente fria devem refor\u00e7ar a forma\u00e7\u00e3o de instabilidades no Rio Grande do Sul. A chuva cai forte ainda no per\u00edodo da madrugada \u2013 com risco para fortes pancadas e at\u00e9 mesmo temporais localizados, seguidos por raios, ventos e eventual queda de granizo. Ao longo da tarde e noite, as instabilidades avan\u00e7am sobre o territ\u00f3rio catarinense, que entra na rota da chuva forte. No Paran\u00e1, o predom\u00ednio segue sendo de tempo aberto ao longo de todo o dia.<\/p>\n<h2 class=\"wp-block-heading\" id=\"h-sudeste\">Sudeste<\/h2>\n<p>Circula\u00e7\u00e3o de umidade vinda do oceano aumenta a chuva no litoral do Esp\u00edrito Santo. Nos demais estados, segue o predom\u00ednio de tempo firme. Em boa parte do interior paulista e mineiro, a umidade relativa do ar continua apresentando queda acentuada \u00e0 tarde, aumentando os riscos para inc\u00eandios florestais.<\/p>\n<\/div>\n<div>\n<h2 class=\"wp-block-heading\" id=\"h-centro-oeste\">Centro-Oeste<\/h2>\n<p>Tempo firme segue em toda o Centro-Oeste. Ao longo do dia, n\u00e3o chove, e o destaque continua sendo o calor e o ar seco \u2013 que ganha for\u00e7a principalmente na parte da tarde. A umidade relativa do ar fica em n\u00edveis de alerta entre Mato Grosso, Goi\u00e1s e Distrito Federal, potencializando problemas como queimadas e baixa qualidade do ar.<\/p>\n<h2 class=\"wp-block-heading\" id=\"h-nordeste\">Nordeste<\/h2>\n<p>As \u00e1reas inseridas rota dos temporais sobem um pouco na costa leste, e se concentram entre o litoral de Pernambuco e do Rio Grande do Norte, com alerta de chuva forte j\u00e1 no in\u00edcio do dia. As pancadas de chuva ainda caem com moderada a forte intensidade no litoral da Bahia. Pode chover ao longo do dia no litoral do Cear\u00e1 e do Maranh\u00e3o. Sert\u00e3o e agreste nordestino ainda com predom\u00ednio de tempo seco.<\/p>\n<h2 class=\"wp-block-heading\" id=\"h-norte\">Norte<\/h2>\n<p>Alerta para temporais em Roraima \u2013 incluindo a capital Boa Vista \u2013 e tamb\u00e9m no norte do Amazonas. Amap\u00e1 com chuva expressiva concentrada sobre o litoral. Tocantins, Acre e Rond\u00f4nia com tempo mais aberto e predom\u00ednio de sol. No Par\u00e1, chove apenas nas \u00e1reas do extremo norte.<\/p>\n<\/p><\/div>\n<p><br \/>\n<br \/><a href=\"https:\/\/www.canalrural.com.br\/tempo\/frente-fria-no-sul-deve-causar-temporais-e-atingir-dois-estados-em-cheio\/\">Source link <\/a><\/p>\n","protected":false},"excerpt":{"rendered":"<p>A forma\u00e7\u00e3o de uma frente fria intensifica as instabilidades no Rio Grande do Sul, levando temporais tamb\u00e9m para Santa Catarina.<\/p>\n","protected":false},"author":1,"featured_media":2073,"comment_status":"open","ping_status":"open","sticky":false,"template":"","format":"standard","meta":{"_monsterinsights_skip_tracking":false,"_monsterinsights_sitenote_active":false,"_monsterinsights_sitenote_note":"","_monsterinsights_sitenote_category":0,"_uf_show_specific_survey":0,"_uf_disable_surveys":false,"footnotes":""},"categories":[1],"tags":[],"class_list":["post-15226","post","type-post","status-publish","format-standard","has-post-thumbnail","hentry","category-news"],"_links":{"self":[{"href":"https:\/\/agromt.news\/index.php?rest_route=\/wp\/v2\/posts\/15226"}],"collection":[{"href":"https:\/\/agromt.news\/index.php?rest_route=\/wp\/v2\/posts"}],"about":[{"href":"https:\/\/agromt.news\/index.php?rest_route=\/wp\/v2\/types\/post"}],"author":[{"embeddable":true,"href":"https:\/\/agromt.news\/index.php?rest_route=\/wp\/v2\/users\/1"}],"replies":[{"embeddable":true,"href":"https:\/\/agromt.news\/index.php?rest_route=%2Fwp%2Fv2%2Fcomments&post=15226"}],"version-history":[{"count":0,"href":"https:\/\/agromt.news\/index.php?rest_route=\/wp\/v2\/posts\/15226\/revisions"}],"wp:featuredmedia":[{"embeddable":true,"href":"https:\/\/agromt.news\/index.php?rest_route=\/wp\/v2\/media\/2073"}],"wp:attachment":[{"href":"https:\/\/agromt.news\/index.php?rest_route=%2Fwp%2Fv2%2Fmedia&parent=15226"}],"wp:term":[{"taxonomy":"category","embeddable":true,"href":"https:\/\/agromt.news\/index.php?rest_route=%2Fwp%2Fv2%2Fcategories&post=15226"},{"taxonomy":"post_tag","embeddable":true,"href":"https:\/\/agromt.news\/index.php?rest_route=%2Fwp%2Fv2%2Ftags&post=15226"}],"curies":[{"name":"wp","href":"https:\/\/api.w.org\/{rel}","templated":true}]}}