{"id":15220,"date":"2025-06-18T01:09:04","date_gmt":"2025-06-18T05:09:04","guid":{"rendered":"https:\/\/agromt.news\/?p=15220"},"modified":"2025-06-18T01:09:04","modified_gmt":"2025-06-18T05:09:04","slug":"soja-adulterada-com-areia-e-mofo-e-barrada-no-parana","status":"publish","type":"post","link":"https:\/\/agromt.news\/?p=15220","title":{"rendered":"Soja adulterada com areia e mofo \u00e9 barrada no Paran\u00e1"},"content":{"rendered":"<p> <br \/>\n<\/p>\n<div>\n<div class=\"row\">\n<div class=\"col-lg col-infos mt-0 mt-lg-0\">\n<div class=\"section-sub-title\">\n<p itemprop=\"description\">&#13;<br \/>\n                                Fraude em exporta\u00e7\u00e3o de soja&#13;\n                            <\/p>\n<\/p><\/div>\n<div class=\"container\">\n<div class=\"row\">\n<div class=\"col-lg p-0\">\n<div>\n<div class=\"block-news-main-infos mt-3 text-start\">\n<p>                                            <strong class=\"fn\" itemprop=\"author\" style=\"color: rgb(112, 112, 112); \">&#13;<br \/>\n                                                <a href=\"https:\/\/www.agrolink.com.br\/noticias\/javascript:;\" class=\"text-uppercase\" target=\"_blank\" style=\"color: rgb(112, 112, 112); \" rel=\"noopener\">Agrolink<\/a>&#13;<br \/>\n&#13;<br \/>\n                                                    &#8211; Aline Merladete&#13;<br \/>\n&#13;<br \/>\n                                            <\/strong><br \/>\n                                        <\/p>\n<p>                                            <abbr><time datetime=\"2025-06-17T10:38\" itemprop=\"datePublished dateModified\">Publicado em 17\/06\/2025 \u00e0s 10:38h.<\/time><\/abbr><br \/>\n                                            <\/p><\/div>\n<\/p><\/div>\n<\/p><\/div>\n<div class=\"col-lg p-0 text-lg-end\">\n<div>\n<div id=\"mdEnviarPagina\" class=\"modal fade\" role=\"dialog\">\n<div class=\"modal-dialog\">\n<div class=\"modal-content\">\n<div class=\"modal-body\">\n<p><strong>Estimado usu\u00e1rio.<\/strong><br \/>Preencha o formul\u00e1rio abaixo para remeter a p\u00e1gina.<\/p>\n<\/p><\/div>\n<\/p><\/div>\n<\/p><\/div>\n<\/div><\/div>\n<\/p><\/div>\n<\/p><\/div>\n<\/p><\/div>\n<\/p><\/div>\n<\/p><\/div>\n<div class=\"row justify-content-md-center mt-3\">\n<div class=\"col-lg-auto col-image block-news-main-image\">\n<p>                                <img decoding=\"async\" src=\"https:\/\/www.agrolink.com.br\/upload\/imagens-resizes\/3d2377848d1443c1a3e292b33b72d34a_858x483.jpg\" class=\"lazyload img-fluid\"\/><br \/>\n                                                <span class=\"publicity-photo d-block mt-1\">Foto: Mapa<\/span><\/p><\/div>\n<\/p><\/div>\n<div class=\"section-description section-description-noticias mt-3\">\n<p style=\"text-align:justify\">Uma opera\u00e7\u00e3o conjunta entre o Minist\u00e9rio da Agricultura e Pecu\u00e1ria (Mapa) e a Pol\u00edcia Federal resultou na apreens\u00e3o de uma carga adulterada de farelo de <a href=\"https:\/\/www.agrolink.com.br\/culturas\/soja?utm_source=agrolink-detalhe-noticia&amp;utm_medium=detalhe-noticia&amp;utm_campaign=links-internos\" target=\"_blank\" rel=\"noopener\">soja<\/a> no Porto de Paranagu\u00e1, no Paran\u00e1. A a\u00e7\u00e3o, realizada no \u00faltimo dia 10 de junho, interceptou 39.250 quilos do produto contaminado, que seria exportado para o mercado internacional.\u00a0Historicamente, conforme a legisla\u00e7\u00e3o do Minist\u00e9rio da Agricultura, produtos adulterados como o farelo interceptado s\u00e3o destinados a aterros sanit\u00e1rios, garantindo a seguran\u00e7a e rastreabilidade dos produtos que saem do Brasil rumo a outros pa\u00edses.&#13;\n<\/p>\n<p style=\"text-align:justify\">Segundo informa\u00e7\u00f5es divulgadas pelo Mapa, auditores fiscais agropecu\u00e1rios identificaram irregularidades no processo de acesso e classifica\u00e7\u00e3o da carga ainda no terminal de origem. A adultera\u00e7\u00e3o foi confirmada com a an\u00e1lise de amostras que revelaram a presen\u00e7a de areia, serragem e mofo misturados ao farelo de soja \u2014 um cen\u00e1rio que configura fraude grave e viola normas sanit\u00e1rias e de qualidade exigidas para exporta\u00e7\u00e3o.<\/p>\n<p style=\"text-align:justify\">A detec\u00e7\u00e3o da fraude refor\u00e7a a import\u00e2ncia da atua\u00e7\u00e3o preventiva e rigorosa dos \u00f3rg\u00e3os de fiscaliza\u00e7\u00e3o. O Mapa destaca que esse tipo de pr\u00e1tica compromete n\u00e3o apenas a sa\u00fade animal e vegetal, mas tamb\u00e9m a imagem do agroneg\u00f3cio brasileiro no cen\u00e1rio internacional, al\u00e9m de provocar perdas econ\u00f4micas relevantes.&#13;\n<\/p>\n<p style=\"text-align:justify\">De acordo com Fernando Mendes, chefe do Servi\u00e7o de Inspe\u00e7\u00e3o de Produtos de Origem Vegetal do Paran\u00e1 (SIPOV\/PR), a a\u00e7\u00e3o reflete o \u00eaxito da coopera\u00e7\u00e3o entre as entidades p\u00fablicas. A opera\u00e7\u00e3o foi iniciada a partir de uma investiga\u00e7\u00e3o conduzida pelo Minist\u00e9rio P\u00fablico Federal, com foco no combate a fraudes em exporta\u00e7\u00f5es de produtos a granel.<\/p>\n<p style=\"text-align:justify\">As autoridades seguem investigando a origem da carga e os respons\u00e1veis pela tentativa de fraude. O objetivo \u00e9 identificar todos os envolvidos e compreender a extens\u00e3o do esquema criminoso. A empresa respons\u00e1vel pelo envio da carga dever\u00e1, conforme as normas ambientais, apresentar um plano de descarte adequado para o material apreendido.&#13;\n<\/p>\n<p style=\"text-align:justify\">\u00a0<\/p>\n<p style=\"text-align:justify\">\u00a0<\/p>\n<p style=\"text-align:justify\">\u00a0<\/p>\n<\/p><\/div>\n<\/p><\/div>\n<p><script data-cfasync=\"false\">\n    !function (f, b, e, v, n, t, s) {\n        if (f.fbq) return; n = f.fbq = function () {\n            n.callMethod ?\n                n.callMethod.apply(n, arguments) : n.queue.push(arguments)\n        };\n        if (!f._fbq) f._fbq = n; n.push = n; n.loaded = !0; n.version = '2.0';\n        n.queue = []; t = b.createElement(e); t.async = !0;\n        t.src = v; s = b.getElementsByTagName(e)[0];\n        s.parentNode.insertBefore(t, s)\n    }(window, document, 'script',\n        'https:\/\/connect.facebook.net\/en_US\/fbevents.js');\n    fbq('init', '522546078623747');\n    fbq('track', 'PageView');\n<\/script><br \/>\n<br \/><br \/>\n<br \/><a href=\"https:\/\/www.agrolink.com.br\/noticias\/soja-adulterada-com-areia-e-mofo-e-barrada-no-parana_502991.html\">Source link <\/a><\/p>\n","protected":false},"excerpt":{"rendered":"<p>&#13; Fraude em exporta\u00e7\u00e3o de soja&#13; &#13; Agrolink&#13; &#13; &#8211; Aline Merladete&#13; &#13; Publicado em 17\/06\/2025 \u00e0s 10:38h. Estimado usu\u00e1rio.Preencha<\/p>\n","protected":false},"author":1,"featured_media":15221,"comment_status":"open","ping_status":"open","sticky":false,"template":"","format":"standard","meta":{"_monsterinsights_skip_tracking":false,"_monsterinsights_sitenote_active":false,"_monsterinsights_sitenote_note":"","_monsterinsights_sitenote_category":0,"_uf_show_specific_survey":0,"_uf_disable_surveys":false,"footnotes":""},"categories":[8,1,14],"tags":[],"class_list":["post-15220","post","type-post","status-publish","format-standard","has-post-thumbnail","hentry","category-agro","category-news","category-politica-agro"],"_links":{"self":[{"href":"https:\/\/agromt.news\/index.php?rest_route=\/wp\/v2\/posts\/15220"}],"collection":[{"href":"https:\/\/agromt.news\/index.php?rest_route=\/wp\/v2\/posts"}],"about":[{"href":"https:\/\/agromt.news\/index.php?rest_route=\/wp\/v2\/types\/post"}],"author":[{"embeddable":true,"href":"https:\/\/agromt.news\/index.php?rest_route=\/wp\/v2\/users\/1"}],"replies":[{"embeddable":true,"href":"https:\/\/agromt.news\/index.php?rest_route=%2Fwp%2Fv2%2Fcomments&post=15220"}],"version-history":[{"count":0,"href":"https:\/\/agromt.news\/index.php?rest_route=\/wp\/v2\/posts\/15220\/revisions"}],"wp:featuredmedia":[{"embeddable":true,"href":"https:\/\/agromt.news\/index.php?rest_route=\/wp\/v2\/media\/15221"}],"wp:attachment":[{"href":"https:\/\/agromt.news\/index.php?rest_route=%2Fwp%2Fv2%2Fmedia&parent=15220"}],"wp:term":[{"taxonomy":"category","embeddable":true,"href":"https:\/\/agromt.news\/index.php?rest_route=%2Fwp%2Fv2%2Fcategories&post=15220"},{"taxonomy":"post_tag","embeddable":true,"href":"https:\/\/agromt.news\/index.php?rest_route=%2Fwp%2Fv2%2Ftags&post=15220"}],"curies":[{"name":"wp","href":"https:\/\/api.w.org\/{rel}","templated":true}]}}