{"id":15219,"date":"2025-06-17T23:12:55","date_gmt":"2025-06-18T03:12:55","guid":{"rendered":"https:\/\/agromt.news\/?p=15219"},"modified":"2025-06-17T23:12:55","modified_gmt":"2025-06-18T03:12:55","slug":"mercado-de-graos-reage-a-clima-e-colheita","status":"publish","type":"post","link":"https:\/\/agromt.news\/?p=15219","title":{"rendered":"Mercado de gr\u00e3os reage a clima e colheita"},"content":{"rendered":"<p> <br \/>\n<\/p>\n<div>\n<p>Segundo informa\u00e7\u00f5es da TF Agroecon\u00f4mica, nesta segunda-feira (17\/06), os mercados de <a href=\"https:\/\/www.agrolink.com.br\/culturas\/trigo\/?utm_source=agrolink-detalhe-noticia&amp;utm_medium=detalhe-noticia&amp;utm_campaign=links-internos\" target=\"_blank\" rel=\"noopener\">trigo<\/a>, <a href=\"https:\/\/www.agrolink.com.br\/culturas\/soja?utm_source=agrolink-detalhe-noticia&amp;utm_medium=detalhe-noticia&amp;utm_campaign=links-internos\" target=\"_blank\" rel=\"noopener\">soja<\/a> e <a href=\"https:\/\/www.agrolink.com.br\/culturas\/milho?utm_source=agrolink-detalhe-noticia&amp;utm_medium=detalhe-noticia&amp;utm_campaign=links-internos&#9;\" target=\"_blank\" rel=\"noopener\">milho<\/a> abrem o dia acompanhando fatores clim\u00e1ticos, geopol\u00edticos e de oferta nos principais pa\u00edses produtores. O <a href=\"https:\/\/www.agrolink.com.br\/culturas\/trigo\/?utm_source=agrolink-detalhe-noticia&amp;utm_medium=detalhe-noticia&amp;utm_campaign=links-internos\" target=\"_blank\" rel=\"noopener\">trigo<\/a> sobe em Chicago com contratos para julho cotados a US\\$ 540,25 (+3,75) e dezembro a US\\$ 576,25 (+2,50), impulsionado pela lentid\u00e3o da colheita de inverno nos EUA, que avan\u00e7ou para 10% da \u00e1rea plantada, abaixo dos 25% do mesmo per\u00edodo em 2024 e da m\u00e9dia de 16% dos \u00faltimos cinco anos, e pela redu\u00e7\u00e3o da qualidade das lavouras de 54% para 52% em boas\/excelentes condi\u00e7\u00f5es. No Brasil, a Conab informou avan\u00e7o do plantio para 51,7% da \u00e1rea prevista, ritmo inferior \u00e0 m\u00e9dia hist\u00f3rica.&#13;\n<\/p>\n<p>Na soja, os contratos de julho em Chicago recuam levemente para US\\$ 1.069,25 (-0,50), refletindo realiza\u00e7\u00e3o parcial de lucros ap\u00f3s alta forte do \u00f3leo de soja. A queda \u00e9 contida pela piora nas condi\u00e7\u00f5es das lavouras americanas: segundo o USDA, a soja em boas\/excelentes condi\u00e7\u00f5es caiu de 68% para 66%, abaixo dos 70% registrados no mesmo per\u00edodo em 2024. O plantio avan\u00e7ou para 93% da \u00e1rea planejada, em linha com anos anteriores, mas ainda aqu\u00e9m do esperado por traders (95%). No mercado interno, a soja no Paran\u00e1 \u00e9 negociada a R\\$ 129,60\/saca (+0,36% no dia).&#13;\n<\/p>\n<p>J\u00e1 o milho opera com leve oscila\u00e7\u00e3o em Chicago, com o contrato de julho a US\\$ 434,50 (-0,25). O ajuste de posi\u00e7\u00f5es pelos fundos ocorre em meio a um cen\u00e1rio de bom ritmo de exporta\u00e7\u00f5es para a safra 24\/25, mas pressionado pela entrada da safrinha no mercado e pelas boas condi\u00e7\u00f5es das lavouras nos EUA, que subiram de 71% para 72% em boas\/excelentes condi\u00e7\u00f5es, superando as m\u00e9dias do setor. No Brasil, a colheita da segunda safra evoluiu para 3,9% da \u00e1rea, ainda atr\u00e1s do ritmo do ano passado (13,1%) e da m\u00e9dia de cinco anos (8,4%). Na B3, o milho julho recua 0,88% para R\\$ 62,41\/saca.&#13;\n<\/p>\n<\/p><\/div>\n<p><script data-cfasync=\"false\">\n    !function (f, b, e, v, n, t, s) {\n        if (f.fbq) return; n = f.fbq = function () {\n            n.callMethod ?\n                n.callMethod.apply(n, arguments) : n.queue.push(arguments)\n        };\n        if (!f._fbq) f._fbq = n; n.push = n; n.loaded = !0; n.version = '2.0';\n        n.queue = []; t = b.createElement(e); t.async = !0;\n        t.src = v; s = b.getElementsByTagName(e)[0];\n        s.parentNode.insertBefore(t, s)\n    }(window, document, 'script',\n        'https:\/\/connect.facebook.net\/en_US\/fbevents.js');\n    fbq('init', '522546078623747');\n    fbq('track', 'PageView');\n<\/script><br \/>\n<br \/><br \/>\n<br \/><a href=\"https:\/\/www.agrolink.com.br\/noticias\/mercado-de-graos-reage-a-clima-e-colheita_502992.html\">Source link <\/a><\/p>\n","protected":false},"excerpt":{"rendered":"<p>Segundo informa\u00e7\u00f5es da TF Agroecon\u00f4mica, nesta segunda-feira (17\/06), os mercados de trigo, soja e milho abrem o dia acompanhando fatores<\/p>\n","protected":false},"author":1,"featured_media":13449,"comment_status":"open","ping_status":"open","sticky":false,"template":"","format":"standard","meta":{"_monsterinsights_skip_tracking":false,"_monsterinsights_sitenote_active":false,"_monsterinsights_sitenote_note":"","_monsterinsights_sitenote_category":0,"_uf_show_specific_survey":0,"_uf_disable_surveys":false,"footnotes":""},"categories":[8,1,14],"tags":[],"class_list":["post-15219","post","type-post","status-publish","format-standard","has-post-thumbnail","hentry","category-agro","category-news","category-politica-agro"],"_links":{"self":[{"href":"https:\/\/agromt.news\/index.php?rest_route=\/wp\/v2\/posts\/15219"}],"collection":[{"href":"https:\/\/agromt.news\/index.php?rest_route=\/wp\/v2\/posts"}],"about":[{"href":"https:\/\/agromt.news\/index.php?rest_route=\/wp\/v2\/types\/post"}],"author":[{"embeddable":true,"href":"https:\/\/agromt.news\/index.php?rest_route=\/wp\/v2\/users\/1"}],"replies":[{"embeddable":true,"href":"https:\/\/agromt.news\/index.php?rest_route=%2Fwp%2Fv2%2Fcomments&post=15219"}],"version-history":[{"count":0,"href":"https:\/\/agromt.news\/index.php?rest_route=\/wp\/v2\/posts\/15219\/revisions"}],"wp:featuredmedia":[{"embeddable":true,"href":"https:\/\/agromt.news\/index.php?rest_route=\/wp\/v2\/media\/13449"}],"wp:attachment":[{"href":"https:\/\/agromt.news\/index.php?rest_route=%2Fwp%2Fv2%2Fmedia&parent=15219"}],"wp:term":[{"taxonomy":"category","embeddable":true,"href":"https:\/\/agromt.news\/index.php?rest_route=%2Fwp%2Fv2%2Fcategories&post=15219"},{"taxonomy":"post_tag","embeddable":true,"href":"https:\/\/agromt.news\/index.php?rest_route=%2Fwp%2Fv2%2Ftags&post=15219"}],"curies":[{"name":"wp","href":"https:\/\/api.w.org\/{rel}","templated":true}]}}