{"id":15216,"date":"2025-06-17T20:43:58","date_gmt":"2025-06-18T00:43:58","guid":{"rendered":"https:\/\/agromt.news\/?p=15216"},"modified":"2025-06-17T20:43:58","modified_gmt":"2025-06-18T00:43:58","slug":"feicorte-2025-tera-exposicao-de-500-animais-de-9-racas","status":"publish","type":"post","link":"https:\/\/agromt.news\/?p=15216","title":{"rendered":"Feicorte 2025 ter\u00e1 exposi\u00e7\u00e3o de 500 animais de 9 ra\u00e7as"},"content":{"rendered":"<p> <br \/>\n<br \/><img decoding=\"async\" src=\"https:\/\/agromt.news\/wp-content\/uploads\/2025\/06\/Feicorte-2025-tera-exposicao-de-500-animais-de-9-racas.jpg\" \/><\/p>\n<div>\n<p>A Feira Internacional da Cadeia Produtiva da Carne (Feicorte) come\u00e7ou nesta ter\u00e7a-feira (17) e se estende at\u00e9 o pr\u00f3ximo s\u00e1bado (21), em Presidente Prudente, munic\u00edpio com o maior rebanho bovino do estado, com cerca de 1,6 milh\u00e3o animais.<\/p>\n<p>Com o tema \u201cO Boi Brasileiro: produtivo por natureza\u201d, o evento tem a expectativa de receber cerca de oito mil visitantes. Na programa\u00e7\u00e3o, palestras, debates e cases de sucesso t\u00eam o objetivo de mostrar como a <strong><a href=\"https:\/\/www.canalrural.com.br\/pecuaria\/\">pecu\u00e1ria<\/a><\/strong> nacional \u00e9 sin\u00f4nimo de efici\u00eancia, sustentabilidade e protagonismo no mercado global, al\u00e9m do potencial de evolu\u00e7\u00e3o da atividade.<\/p>\n<p><iframe title=\"Feicorte 2025: evento da cadeia produtiva da carne ocorre em Presidente Prudente (SP)\" width=\"800\" height=\"450\" src=\"https:\/\/www.youtube.com\/embed\/AbxIFhX4Ke4?feature=oembed\" frameborder=\"0\" allow=\"accelerometer; autoplay; clipboard-write; encrypted-media; gyroscope; picture-in-picture; web-share\" referrerpolicy=\"strict-origin-when-cross-origin\" allowfullscreen><\/iframe><noscript><iframe title=\"Feicorte 2025: evento da cadeia produtiva da carne ocorre em Presidente Prudente (SP)\" width=\"800\" height=\"450\" src=\"https:\/\/www.youtube.com\/embed\/AbxIFhX4Ke4?feature=oembed\" frameborder=\"0\" allow=\"accelerometer; autoplay; clipboard-write; encrypted-media; gyroscope; picture-in-picture; web-share\" referrerpolicy=\"strict-origin-when-cross-origin\" allowfullscreen><\/iframe><\/noscript><\/p>\n<p>Durante a feira, o p\u00fablico poder\u00e1 conferir julgamentos de ra\u00e7as, cinco leil\u00f5es e a exposi\u00e7\u00e3o de cerca de 500 animais das ra\u00e7as Brahman, Brangus, Canchim, Caracu, Nelore, Santa Gertrudis, Senepol, Sindi e Wagyu, al\u00e9m do desfile e leil\u00e3o de cavalos Quarto de Milha e Paint Horse.<\/p>\n<\/div>\n<div>\n<p>Al\u00e9m disso, durante toda a semana, a programa\u00e7\u00e3o inclui mais de 70 empresas expositoras, degusta\u00e7\u00e3o e harmoniza\u00e7\u00e3o de produtos artesanais paulistas, \u00e1rea de demonstra\u00e7\u00e3o de Integra\u00e7\u00e3o Lavoura Pecu\u00e1ria Floresta (ILPF) e op\u00e7\u00f5es gastron\u00f4micas.<\/p>\n<p>A Feicorte \u00e9 aberta a todo o p\u00fablico, mas \u00e9 especialmente destinada a pecuaristas, profissionais da \u00e1rea t\u00e9cnica, veterin\u00e1rios, pesquisadores, ind\u00fastrias e empresas ligadas \u00e0 cadeia produtiva da carne.<\/p>\n<p>A entrada no evento \u00e9 gratuita, por\u00e9m, o <strong><a href=\"https:\/\/www.feicortesp.com\/\">credenciamento \u00e9 obrigat\u00f3rio<\/a><\/strong>. <\/p>\n<\/p><\/div>\n<p><br \/>\n<br \/><a href=\"https:\/\/www.canalrural.com.br\/pecuaria\/feicorte-2025-tera-exposicao-de-500-animais-de-9-racas\/\">Source link <\/a><\/p>\n","protected":false},"excerpt":{"rendered":"<p>A Feira Internacional da Cadeia Produtiva da Carne (Feicorte) come\u00e7ou nesta ter\u00e7a-feira (17) e se estende at\u00e9 o pr\u00f3ximo s\u00e1bado<\/p>\n","protected":false},"author":1,"featured_media":15217,"comment_status":"open","ping_status":"open","sticky":false,"template":"","format":"standard","meta":{"_monsterinsights_skip_tracking":false,"_monsterinsights_sitenote_active":false,"_monsterinsights_sitenote_note":"","_monsterinsights_sitenote_category":0,"_uf_show_specific_survey":0,"_uf_disable_surveys":false,"footnotes":""},"categories":[1],"tags":[],"class_list":["post-15216","post","type-post","status-publish","format-standard","has-post-thumbnail","hentry","category-news"],"_links":{"self":[{"href":"https:\/\/agromt.news\/index.php?rest_route=\/wp\/v2\/posts\/15216"}],"collection":[{"href":"https:\/\/agromt.news\/index.php?rest_route=\/wp\/v2\/posts"}],"about":[{"href":"https:\/\/agromt.news\/index.php?rest_route=\/wp\/v2\/types\/post"}],"author":[{"embeddable":true,"href":"https:\/\/agromt.news\/index.php?rest_route=\/wp\/v2\/users\/1"}],"replies":[{"embeddable":true,"href":"https:\/\/agromt.news\/index.php?rest_route=%2Fwp%2Fv2%2Fcomments&post=15216"}],"version-history":[{"count":0,"href":"https:\/\/agromt.news\/index.php?rest_route=\/wp\/v2\/posts\/15216\/revisions"}],"wp:featuredmedia":[{"embeddable":true,"href":"https:\/\/agromt.news\/index.php?rest_route=\/wp\/v2\/media\/15217"}],"wp:attachment":[{"href":"https:\/\/agromt.news\/index.php?rest_route=%2Fwp%2Fv2%2Fmedia&parent=15216"}],"wp:term":[{"taxonomy":"category","embeddable":true,"href":"https:\/\/agromt.news\/index.php?rest_route=%2Fwp%2Fv2%2Fcategories&post=15216"},{"taxonomy":"post_tag","embeddable":true,"href":"https:\/\/agromt.news\/index.php?rest_route=%2Fwp%2Fv2%2Ftags&post=15216"}],"curies":[{"name":"wp","href":"https:\/\/api.w.org\/{rel}","templated":true}]}}