{"id":15209,"date":"2025-06-17T18:18:35","date_gmt":"2025-06-17T22:18:35","guid":{"rendered":"https:\/\/agromt.news\/?p=15209"},"modified":"2025-06-17T18:18:35","modified_gmt":"2025-06-17T22:18:35","slug":"cotacoes-mais-baixas-sinalizam-avancos-na-escala-de-abate","status":"publish","type":"post","link":"https:\/\/agromt.news\/?p=15209","title":{"rendered":"cota\u00e7\u00f5es mais baixas sinalizam avan\u00e7os na escala de abate"},"content":{"rendered":"<p> <br \/>\n<br \/><img decoding=\"async\" src=\"https:\/\/agromt.news\/wp-content\/uploads\/2025\/05\/Veja-como-os-precos-da-arroba-do-boi-gordo-encerraram.jpg\" \/><\/p>\n<div>\n<p>O mercado f\u00edsico do boi gordo registrou pre\u00e7os mais baixos ao longo desta ter\u00e7a-feira (17). Em algumas regi\u00f5es do pa\u00eds, os frigor\u00edficos sinalizam para avan\u00e7os em suas escalas de abate ap\u00f3s a recente eleva\u00e7\u00e3o dos pre\u00e7os da arroba, caso de S\u00e3o Paulo e Minas Gerais. <\/p>\n<p>\u201cJ\u00e1 em estados como Mato Grosso do Sul, Rond\u00f4nia, Tocantins e Goi\u00e1s persiste o movimento de alta, ainda com escalas de abate encurtadas\u201d, diz o analista da consultoria Safras &amp; Mercado Fernando Henrique Iglesias.<\/p>\n<p>Segundo ele, quando se observa o perfil da demanda, \u00e9 relevante mencionar que as exporta\u00e7\u00f5es ainda s\u00e3o bastante representativas em 2025, com expectativa de mais um recorde, tanto em volume quanto em arrecada\u00e7\u00e3o.<\/p>\n<ul class=\"wp-block-list\">\n<li><strong>S\u00e3o Paulo:<\/strong> R$ 321 \u2014 ontem: R$ 322,25<\/li>\n<li><strong>Goi\u00e1s:<\/strong> R$ 305,36 \u2014 na segunda: R$ 304,29<\/li>\n<li><strong>Minas Gerais:<\/strong> R$ 301,76 \u2014 anteriormente: R$ 311,76<\/li>\n<li><strong>Mato Grosso do Sul:<\/strong> R$ 320,68 \u2014 ontem: R$ 318,64<\/li>\n<li><strong>Mato Grosso:<\/strong> R$ 316,55 \u2014 na segunda: R$ 316,96<\/li>\n<\/ul>\n<\/div>\n<div>\n<h2 class=\"wp-block-heading\" id=\"h-mercado-atacadista\">Mercado atacadista<\/h2>\n<p>O mercado atacadista ainda se depara com acomoda\u00e7\u00e3o em seus pre\u00e7os. Conforme Iglesias, o ambiente de neg\u00f3cios sugere por menor espa\u00e7o para reajustes durante a segunda quinzena do m\u00eas, per\u00edodo pautado por menor apelo ao consumo. <\/p>\n<p>\u201cAl\u00e9m disso, o mercado segue atento \u00e0s condi\u00e7\u00f5es das <strong><a href=\"https:\/\/www.canalrural.com.br\/agricultura\/brasil-deve-se-declarar-livre-de-gripe-aviaria-nesta-quarta-feira\/\">prote\u00ednas concorrentes<\/a><\/strong>\u201c, ressalta.<\/p>\n<p>O quarto traseiro segue no patamar de R$ 24,50 por quilo, o dianteiro ainda \u00e9 cotado a R$ 19,50 por quilo e a ponta de agulha \u00e9 precificada a R$ 18,50 por quilo.<\/p>\n<h2 class=\"wp-block-heading\" id=\"h-cambio\">C\u00e2mbio<\/h2>\n<p>O d\u00f3lar comercial encerrou a sess\u00e3o em alta de 0,16%, sendo negociado a R$ 5,4962 para venda e a R$ 5,4942 para compra. Durante o dia, a moeda norte-americana oscilou entre a m\u00ednima de R$ 5,4654 e a m\u00e1xima de R$ 5,5067.<\/p>\n<\/p><\/div>\n<p><br \/>\n<br \/><a href=\"https:\/\/www.canalrural.com.br\/pecuaria\/arroba-do-boi-gordo-cotacoes-mais-baixas-sinalizam-avancos-na-escala-de-abate\/\">Source link <\/a><\/p>\n","protected":false},"excerpt":{"rendered":"<p>O mercado f\u00edsico do boi gordo registrou pre\u00e7os mais baixos ao longo desta ter\u00e7a-feira (17). Em algumas regi\u00f5es do pa\u00eds,<\/p>\n","protected":false},"author":1,"featured_media":13838,"comment_status":"open","ping_status":"open","sticky":false,"template":"","format":"standard","meta":{"_monsterinsights_skip_tracking":false,"_monsterinsights_sitenote_active":false,"_monsterinsights_sitenote_note":"","_monsterinsights_sitenote_category":0,"_uf_show_specific_survey":0,"_uf_disable_surveys":false,"footnotes":""},"categories":[1],"tags":[],"class_list":["post-15209","post","type-post","status-publish","format-standard","has-post-thumbnail","hentry","category-news"],"_links":{"self":[{"href":"https:\/\/agromt.news\/index.php?rest_route=\/wp\/v2\/posts\/15209"}],"collection":[{"href":"https:\/\/agromt.news\/index.php?rest_route=\/wp\/v2\/posts"}],"about":[{"href":"https:\/\/agromt.news\/index.php?rest_route=\/wp\/v2\/types\/post"}],"author":[{"embeddable":true,"href":"https:\/\/agromt.news\/index.php?rest_route=\/wp\/v2\/users\/1"}],"replies":[{"embeddable":true,"href":"https:\/\/agromt.news\/index.php?rest_route=%2Fwp%2Fv2%2Fcomments&post=15209"}],"version-history":[{"count":0,"href":"https:\/\/agromt.news\/index.php?rest_route=\/wp\/v2\/posts\/15209\/revisions"}],"wp:featuredmedia":[{"embeddable":true,"href":"https:\/\/agromt.news\/index.php?rest_route=\/wp\/v2\/media\/13838"}],"wp:attachment":[{"href":"https:\/\/agromt.news\/index.php?rest_route=%2Fwp%2Fv2%2Fmedia&parent=15209"}],"wp:term":[{"taxonomy":"category","embeddable":true,"href":"https:\/\/agromt.news\/index.php?rest_route=%2Fwp%2Fv2%2Fcategories&post=15209"},{"taxonomy":"post_tag","embeddable":true,"href":"https:\/\/agromt.news\/index.php?rest_route=%2Fwp%2Fv2%2Ftags&post=15209"}],"curies":[{"name":"wp","href":"https:\/\/api.w.org\/{rel}","templated":true}]}}