{"id":15206,"date":"2025-06-17T17:19:04","date_gmt":"2025-06-17T21:19:04","guid":{"rendered":"https:\/\/agromt.news\/?p=15206"},"modified":"2025-06-17T17:19:04","modified_gmt":"2025-06-17T21:19:04","slug":"alta-no-consumo-global-reduz-folga-nos-estoques-de-milho","status":"publish","type":"post","link":"https:\/\/agromt.news\/?p=15206","title":{"rendered":"Alta no consumo global reduz folga nos estoques de milho"},"content":{"rendered":"<p> <br \/>\n<\/p>\n<div>\n<p style=\"text-align:justify\">A proje\u00e7\u00e3o da safra global de <a href=\"https:\/\/www.agrolink.com.br\/culturas\/milho?utm_source=agrolink-detalhe-noticia&amp;utm_medium=detalhe-noticia&amp;utm_campaign=links-internos&#9;\" target=\"_blank\" rel=\"noopener\">milho<\/a> para 2025\/26 passou por importantes ajustes, conforme divulgado pelo Departamento de Agricultura dos Estados Unidos (USDA), em boletim publicado no dia 12 de junho. O relat\u00f3rio, que traz o segundo balan\u00e7o mundial de oferta e demanda para o ciclo, indica um leve aumento na produ\u00e7\u00e3o e uma redu\u00e7\u00e3o nos estoques finais, refletindo um cen\u00e1rio de consumo mais aquecido e oferta ajustada.&#13;\n<\/p>\n<p style=\"text-align:justify\">Segundo informa\u00e7\u00f5es do boletim informativo do Imea (Instituto Mato-grossense de Economia Agropecu\u00e1ria), a estimativa de produ\u00e7\u00e3o mundial foi revisada para cima em 0,08% em compara\u00e7\u00e3o com o relat\u00f3rio de maio, alcan\u00e7ando 1,27 bilh\u00e3o de toneladas. Apesar do crescimento, os estoques iniciais foram ajustados para baixo em 0,78%, o que impactou negativamente a oferta total, agora estimada em 1,74 bilh\u00e3o de toneladas \u2014 redu\u00e7\u00e3o de 0,07% no comparativo mensal.<\/p>\n<p style=\"text-align:justify\">Do lado da demanda, o cen\u00e1rio se mostra positivo. A proje\u00e7\u00e3o de consumo mundial subiu 0,11% frente ao m\u00eas anterior, totalizando tamb\u00e9m 1,27 bilh\u00e3o de toneladas. Com isso, a estimativa para a demanda total foi ajustada para 1,46 bilh\u00e3o de toneladas, representando um incremento de 0,09%. Esse movimento sinaliza uma retomada do uso do cereal em setores industriais e na alimenta\u00e7\u00e3o animal.&#13;\n<\/p>\n<p style=\"text-align:justify\">Como consequ\u00eancia, os estoques finais globais da safra 2025\/26 foram revistos para baixo em 0,94%, ficando agora em 275,24 milh\u00f5es de toneladas. A redu\u00e7\u00e3o refor\u00e7a a percep\u00e7\u00e3o de que, apesar da leve alta na produ\u00e7\u00e3o, o consumo mais aquecido deve manter o mercado com menor folga nos estoques nos pr\u00f3ximos meses.<\/p>\n<p style=\"text-align:justify\">Mesmo com esse cen\u00e1rio de menor disponibilidade futura, os pre\u00e7os do milho na Bolsa de Chicago registraram recuo. O contrato para julho de 2026 encerrou a semana com queda de 0,13%, influenciado principalmente pelas boas condi\u00e7\u00f5es clim\u00e1ticas em regi\u00f5es produtoras, o que reduz a percep\u00e7\u00e3o de risco imediato para a pr\u00f3xima safra.&#13;\n<\/p>\n<\/p><\/div>\n<p><script data-cfasync=\"false\">\n    !function (f, b, e, v, n, t, s) {\n        if (f.fbq) return; n = f.fbq = function () {\n            n.callMethod ?\n                n.callMethod.apply(n, arguments) : n.queue.push(arguments)\n        };\n        if (!f._fbq) f._fbq = n; n.push = n; n.loaded = !0; n.version = '2.0';\n        n.queue = []; t = b.createElement(e); t.async = !0;\n        t.src = v; s = b.getElementsByTagName(e)[0];\n        s.parentNode.insertBefore(t, s)\n    }(window, document, 'script',\n        'https:\/\/connect.facebook.net\/en_US\/fbevents.js');\n    fbq('init', '522546078623747');\n    fbq('track', 'PageView');\n<\/script><br \/>\n<br \/><br \/>\n<br \/><a href=\"https:\/\/www.agrolink.com.br\/noticias\/alta-no-consumo-global-reduz-folga-nos-estoques-de-milho_502995.html\">Source link <\/a><\/p>\n","protected":false},"excerpt":{"rendered":"<p>A proje\u00e7\u00e3o da safra global de milho para 2025\/26 passou por importantes ajustes, conforme divulgado pelo Departamento de Agricultura dos<\/p>\n","protected":false},"author":1,"featured_media":2087,"comment_status":"open","ping_status":"open","sticky":false,"template":"","format":"standard","meta":{"_monsterinsights_skip_tracking":false,"_monsterinsights_sitenote_active":false,"_monsterinsights_sitenote_note":"","_monsterinsights_sitenote_category":0,"_uf_show_specific_survey":0,"_uf_disable_surveys":false,"footnotes":""},"categories":[8,1,14],"tags":[],"class_list":["post-15206","post","type-post","status-publish","format-standard","has-post-thumbnail","hentry","category-agro","category-news","category-politica-agro"],"_links":{"self":[{"href":"https:\/\/agromt.news\/index.php?rest_route=\/wp\/v2\/posts\/15206"}],"collection":[{"href":"https:\/\/agromt.news\/index.php?rest_route=\/wp\/v2\/posts"}],"about":[{"href":"https:\/\/agromt.news\/index.php?rest_route=\/wp\/v2\/types\/post"}],"author":[{"embeddable":true,"href":"https:\/\/agromt.news\/index.php?rest_route=\/wp\/v2\/users\/1"}],"replies":[{"embeddable":true,"href":"https:\/\/agromt.news\/index.php?rest_route=%2Fwp%2Fv2%2Fcomments&post=15206"}],"version-history":[{"count":0,"href":"https:\/\/agromt.news\/index.php?rest_route=\/wp\/v2\/posts\/15206\/revisions"}],"wp:featuredmedia":[{"embeddable":true,"href":"https:\/\/agromt.news\/index.php?rest_route=\/wp\/v2\/media\/2087"}],"wp:attachment":[{"href":"https:\/\/agromt.news\/index.php?rest_route=%2Fwp%2Fv2%2Fmedia&parent=15206"}],"wp:term":[{"taxonomy":"category","embeddable":true,"href":"https:\/\/agromt.news\/index.php?rest_route=%2Fwp%2Fv2%2Fcategories&post=15206"},{"taxonomy":"post_tag","embeddable":true,"href":"https:\/\/agromt.news\/index.php?rest_route=%2Fwp%2Fv2%2Ftags&post=15206"}],"curies":[{"name":"wp","href":"https:\/\/api.w.org\/{rel}","templated":true}]}}