{"id":15204,"date":"2025-06-17T17:05:28","date_gmt":"2025-06-17T21:05:28","guid":{"rendered":"https:\/\/agromt.news\/?p=15204"},"modified":"2025-06-17T17:05:28","modified_gmt":"2025-06-17T21:05:28","slug":"bahia-e-alemanha-iniciam-tratativas-para-cooperacao-em-sustentabilidade-e-agricultura","status":"publish","type":"post","link":"https:\/\/agromt.news\/?p=15204","title":{"rendered":"Bahia e Alemanha iniciam tratativas para coopera\u00e7\u00e3o em sustentabilidade e agricultura"},"content":{"rendered":"<p> <br \/>\n<\/p>\n<div>\n<p>Representantes do governo da <strong>Alemanha<\/strong> se reuniram com o <strong>governo da Bahia<\/strong>, nesta segunda-feira (16), em Salvador, para estabelecer novas parcerias estrat\u00e9gicas nas \u00e1reas de <strong>agricultura, sustentabilidade, seguran\u00e7a alimentar, transi\u00e7\u00e3o energ\u00e9tica e meio ambiente<\/strong>.<\/p>\n<p>O encontro, realizado no Centro de Opera\u00e7\u00f5es e Intelig\u00eancia (COI), teve foco tamb\u00e9m no fortalecimento das rela\u00e7\u00f5es internacionais do Estado e na busca por solu\u00e7\u00f5es inovadoras para desafios globais.<\/p>\n<p>Durante a reuni\u00e3o, o governador Jer\u00f4nimo Rodrigues tratou dos assuntos com a secret\u00e1ria de Estado Parlamentar do Minist\u00e9rio da Agricultura, Alimenta\u00e7\u00e3o e Identidade Regional da Alemanha, Martina Englhardt-Kopf, e outros representantes do governo alem\u00e3o.<\/p>\n<p>\u201cQuero dizer que esse momento \u00e9 muito prop\u00edcio. Tal qual voc\u00eas, n\u00f3s tamb\u00e9m temos um novo governo. O retorno do presidente Lula nos d\u00e1 a seguran\u00e7a de poder sentar com representa\u00e7\u00f5es internacionais, empres\u00e1rios do mundo inteiro e oferecer garantia jur\u00eddica, econ\u00f4mica e pol\u00edtica ao investimento internacional no nosso estado\u201d, iniciou o governador.<\/p>\n<figure class=\"wp-block-image size-large\"><img fetchpriority=\"high\" decoding=\"async\" width=\"1024\" height=\"618\" alt=\"Bahia e Alemanha, tratativas para coopera\u00e7\u00e3o, sustententabilidade e agricultura\" class=\"wp-image-4105219\"  data-lazy- src=\"https:\/\/agromt.news\/wp-content\/uploads\/2025\/06\/Bahia-e-Alemanha-iniciam-tratativas-para-cooperacao-em-sustentabilidade-e.jpeg\"\/><img decoding=\"async\" width=\"1024\" height=\"618\" src=\"https:\/\/agromt.news\/wp-content\/uploads\/2025\/06\/Bahia-e-Alemanha-iniciam-tratativas-para-cooperacao-em-sustentabilidade-e.jpeg\" alt=\"Bahia e Alemanha, tratativas para coopera\u00e7\u00e3o, sustententabilidade e agricultura\" class=\"wp-image-4105219\"  \/><figcaption class=\"wp-element-caption\">Reuni\u00e3o com delega\u00e7\u00e3o alem\u00e3 |  Fotos: Wuiga Rubini\/GOVBA<\/figcaption><\/figure>\n<p>Para a ministra alem\u00e3 Martina Englhardt-Kopf, as condi\u00e7\u00f5es encontradas no Brasil, em especial na Bahia, s\u00e3o favor\u00e1veis ao desenvolvimento da agricultura, com infraestrutura e potencial para o avan\u00e7o na produ\u00e7\u00e3o de alimentos.<\/p>\n<p>De acordo com o rep\u00f3rter Anderson Oliveira, a representante do governo alem\u00e3o tamb\u00e9m declarou que o fortalecimento das rela\u00e7\u00f5es amplia a exporta\u00e7\u00e3o de produtos rurais.<\/p>\n<\/div>\n<div>\n<p>As a\u00e7\u00f5es conjuntas para a agricultura contemplam troca de conhecimento e de tecnologias, coopera\u00e7\u00e3o t\u00e9cnica e investimentos em projetos voltados ao desenvolvimento sustent\u00e1vel.<\/p>\n<p>Al\u00e9m disso, est\u00e1 prevista a cria\u00e7\u00e3o de um grupo de trabalho bilateral, que reunir\u00e1 representantes do Governo da Bahia e da Alemanha, com o objetivo de aprofundar as discuss\u00f5es e estruturar iniciativas em cada uma das \u00e1reas priorit\u00e1rias.<\/p>\n<p>Al\u00e9m de secret\u00e1rios estaduais, participaram a embaixadora da Rep\u00fablica Federal da Alemanha no Brasil, Bettina Cadenbach; o c\u00f4nsul da Alemanha em Recife, Johannes Bloos; e o c\u00f4nsul-geral da Alemanha no Rio de Janeiro, Jan Freigang.<\/p>\n<p>A delega\u00e7\u00e3o alem\u00e3 destacou o interesse em colaborar com projetos que alinhem desenvolvimento social e preserva\u00e7\u00e3o ambiental \u2014 \u00e1reas nas quais a Bahia tem se mostrado refer\u00eancia no cen\u00e1rio nacional.<\/p>\n<hr class=\"wp-block-separator has-alpha-channel-opacity\"\/>\n<p><em>Voc\u00ea tamb\u00e9m pode participar deixando uma sugest\u00e3o de pauta. Siga o\u00a0<a href=\"https:\/\/www.instagram.com\/canalruralbahia\/\">Canal Rural Bahia no Instagram<\/a>\u00a0e nos envie uma mensagem<\/em>.<\/p>\n<\/p><\/div>\n<p><script async src=\"\/\/www.instagram.com\/embed.js\"><\/script><br \/>\n<br \/><br \/>\n<br \/><a href=\"https:\/\/www.canalrural.com.br\/nacional\/bahia\/bahia-e-alemanha-iniciam-tratativas-para-cooperacao-em-sustentabilidade-e-agricultura\/\">Source link <\/a><\/p>\n","protected":false},"excerpt":{"rendered":"<p>Representantes do governo da Alemanha se reuniram com o governo da Bahia, nesta segunda-feira (16), em Salvador, para estabelecer novas<\/p>\n","protected":false},"author":1,"featured_media":15205,"comment_status":"open","ping_status":"open","sticky":false,"template":"","format":"standard","meta":{"_monsterinsights_skip_tracking":false,"_monsterinsights_sitenote_active":false,"_monsterinsights_sitenote_note":"","_monsterinsights_sitenote_category":0,"_uf_show_specific_survey":0,"_uf_disable_surveys":false,"footnotes":""},"categories":[1],"tags":[],"class_list":["post-15204","post","type-post","status-publish","format-standard","has-post-thumbnail","hentry","category-news"],"_links":{"self":[{"href":"https:\/\/agromt.news\/index.php?rest_route=\/wp\/v2\/posts\/15204"}],"collection":[{"href":"https:\/\/agromt.news\/index.php?rest_route=\/wp\/v2\/posts"}],"about":[{"href":"https:\/\/agromt.news\/index.php?rest_route=\/wp\/v2\/types\/post"}],"author":[{"embeddable":true,"href":"https:\/\/agromt.news\/index.php?rest_route=\/wp\/v2\/users\/1"}],"replies":[{"embeddable":true,"href":"https:\/\/agromt.news\/index.php?rest_route=%2Fwp%2Fv2%2Fcomments&post=15204"}],"version-history":[{"count":0,"href":"https:\/\/agromt.news\/index.php?rest_route=\/wp\/v2\/posts\/15204\/revisions"}],"wp:featuredmedia":[{"embeddable":true,"href":"https:\/\/agromt.news\/index.php?rest_route=\/wp\/v2\/media\/15205"}],"wp:attachment":[{"href":"https:\/\/agromt.news\/index.php?rest_route=%2Fwp%2Fv2%2Fmedia&parent=15204"}],"wp:term":[{"taxonomy":"category","embeddable":true,"href":"https:\/\/agromt.news\/index.php?rest_route=%2Fwp%2Fv2%2Fcategories&post=15204"},{"taxonomy":"post_tag","embeddable":true,"href":"https:\/\/agromt.news\/index.php?rest_route=%2Fwp%2Fv2%2Ftags&post=15204"}],"curies":[{"name":"wp","href":"https:\/\/api.w.org\/{rel}","templated":true}]}}