{"id":1514,"date":"2024-09-13T03:56:38","date_gmt":"2024-09-13T07:56:38","guid":{"rendered":"https:\/\/agromt.news\/?p=1514"},"modified":"2024-09-13T03:56:38","modified_gmt":"2024-09-13T07:56:38","slug":"inflacao-desacelera-para-todas-as-faixas-de-renda-em-agosto","status":"publish","type":"post","link":"https:\/\/agromt.news\/?p=1514","title":{"rendered":"Infla\u00e7\u00e3o desacelera para todas as faixas de renda em agosto"},"content":{"rendered":"<p> <br \/>\n<\/p>\n<div>\n<p style=\"text-align:justify\">A infla\u00e7\u00e3o desacelerou para todas as classes de renda em agosto na compara\u00e7\u00e3o com julho deste ano. Para as fam\u00edlias de renda muito baixa, ela recuou de 0,09% para -0,19% no m\u00eas passado. Para as fam\u00edlias de renda alta, que registraram aumento de 0,80% em julho, o resultado de agosto ficou em 0,13%. Os dados s\u00e3o do Indicador Ipea de Infla\u00e7\u00e3o por Faixa de Renda, divulgado nesta quinta-feira (12) pelo Instituto de Pesquisa Econ\u00f4mica Aplicada (Ipea).\n<\/p>\n<p style=\"text-align:justify\">Todas as classes de renda apresentaram desacelera\u00e7\u00e3o da infla\u00e7\u00e3o acumulada em 12 meses. As fam\u00edlias de renda muito baixa tiveram a menor infla\u00e7\u00e3o acumulada no per\u00edodo (3,72%), enquanto a faixa de renda alta anotou o percentual mais elevado (4,97%).<\/p>\n<p style=\"text-align:justify\">Os grupos alimentos e bebidas e habita\u00e7\u00e3o foram os principais pontos que influenciaram a queda inflacion\u00e1ria para praticamente todos os segmentos de renda. As defla\u00e7\u00f5es registradas em setores importantes &#8211; cereais (-1,3%), tub\u00e9rculos (-16,3%), hortali\u00e7as (-4,5%), aves e ovos (-0,59%), leites e derivados (-0,05%) e panificados (-0,11%) &#8211; provocaram um forte al\u00edvio inflacion\u00e1rio, especialmente para as fam\u00edlias de menor poder aquisitivo, visto que a parcela proporcionalmente maior do seu or\u00e7amento \u00e9 gasta com a compra desses bens.<\/p>\n<p style=\"text-align:justify\">Energia el\u00e9trica<br \/>Em rela\u00e7\u00e3o \u00e0 habita\u00e7\u00e3o, a queda de 2,8% nos pre\u00e7os de energia el\u00e9trica \u2013 refletindo o retorno da bandeira tarif\u00e1ria verde e das redu\u00e7\u00f5es tarif\u00e1rias em algumas capitais \u2013 contribuiu para diminuir a infla\u00e7\u00e3o em agosto.<\/p>\n<p style=\"text-align:justify\">No caso das fam\u00edlias de renda alta, mesmo com a defla\u00e7\u00e3o dos alimentos, da energia e a queda de 4,9% nos pre\u00e7os de passagens a\u00e9reas, o reajuste de 0,76% das mensalidades escolares fez com que o grupo educa\u00e7\u00e3o exercesse forte contribui\u00e7\u00e3o para a infla\u00e7\u00e3o dessa classe.\n<\/p>\n<p style=\"text-align:justify\">O aumento dos planos de sa\u00fade (0,61%), dos servi\u00e7os m\u00e9dicos e dent\u00e1rios (0,72%) e das despesas pessoais (0,25%) tamb\u00e9m ajuda a explicar esse quadro de press\u00e3o inflacion\u00e1ria nos segmentos de renda mais elevada, em agosto.<\/p>\n<p style=\"text-align:justify\">\u201cA desacelera\u00e7\u00e3o da infla\u00e7\u00e3o corrente em rela\u00e7\u00e3o ao registrado em agosto do ano passado \u00e9 explicada, em grande parte, pela melhora no desempenho dos grupos habita\u00e7\u00e3o e sa\u00fade e cuidados pessoais. No primeiro caso, a alta no pre\u00e7o da energia el\u00e9trica em 2023 (4,6%) ficou bem acima da queda apontada em 2024 (2,8%). J\u00e1 para o grupo sa\u00fade e cuidados pessoais, o al\u00edvio inflacion\u00e1rio em agosto deste ano veio da defla\u00e7\u00e3o de 0,18% dos artigos de higiene, que contrasta com os reajustes de 0,81%, em agosto de 2023\u201d, diz o Ipea.<\/p>\n<\/div>\n<p><script data-cfasync=\"false\">\n    !function (f, b, e, v, n, t, s) {\n        if (f.fbq) return; n = f.fbq = function () {\n            n.callMethod ?\n                n.callMethod.apply(n, arguments) : n.queue.push(arguments)\n        };\n        if (!f._fbq) f._fbq = n; n.push = n; n.loaded = !0; n.version = '2.0';\n        n.queue = []; t = b.createElement(e); t.async = !0;\n        t.src = v; s = b.getElementsByTagName(e)[0];\n        s.parentNode.insertBefore(t, s)\n    }(window, document, 'script',\n        'https:\/\/connect.facebook.net\/en_US\/fbevents.js');\n    fbq('init', '522546078623747');\n    fbq('track', 'PageView');\n<\/script><br \/>\n<br \/><br \/>\n<br \/><a href=\"https:\/\/www.agrolink.com.br\/noticias\/inflacao-desacelera-para-todas-as-faixas-de-renda-em-agosto_494898.html\">Source link <\/a><\/p>\n","protected":false},"excerpt":{"rendered":"<p>A infla\u00e7\u00e3o desacelerou para todas as classes de renda em agosto na compara\u00e7\u00e3o com julho deste ano. Para as fam\u00edlias<\/p>\n","protected":false},"author":1,"featured_media":1515,"comment_status":"open","ping_status":"open","sticky":false,"template":"","format":"standard","meta":{"_monsterinsights_skip_tracking":false,"_monsterinsights_sitenote_active":false,"_monsterinsights_sitenote_note":"","_monsterinsights_sitenote_category":0,"_uf_show_specific_survey":0,"_uf_disable_surveys":false,"footnotes":""},"categories":[8,1,14],"tags":[],"class_list":["post-1514","post","type-post","status-publish","format-standard","has-post-thumbnail","hentry","category-agro","category-news","category-politica-agro"],"_links":{"self":[{"href":"https:\/\/agromt.news\/index.php?rest_route=\/wp\/v2\/posts\/1514"}],"collection":[{"href":"https:\/\/agromt.news\/index.php?rest_route=\/wp\/v2\/posts"}],"about":[{"href":"https:\/\/agromt.news\/index.php?rest_route=\/wp\/v2\/types\/post"}],"author":[{"embeddable":true,"href":"https:\/\/agromt.news\/index.php?rest_route=\/wp\/v2\/users\/1"}],"replies":[{"embeddable":true,"href":"https:\/\/agromt.news\/index.php?rest_route=%2Fwp%2Fv2%2Fcomments&post=1514"}],"version-history":[{"count":0,"href":"https:\/\/agromt.news\/index.php?rest_route=\/wp\/v2\/posts\/1514\/revisions"}],"wp:featuredmedia":[{"embeddable":true,"href":"https:\/\/agromt.news\/index.php?rest_route=\/wp\/v2\/media\/1515"}],"wp:attachment":[{"href":"https:\/\/agromt.news\/index.php?rest_route=%2Fwp%2Fv2%2Fmedia&parent=1514"}],"wp:term":[{"taxonomy":"category","embeddable":true,"href":"https:\/\/agromt.news\/index.php?rest_route=%2Fwp%2Fv2%2Fcategories&post=1514"},{"taxonomy":"post_tag","embeddable":true,"href":"https:\/\/agromt.news\/index.php?rest_route=%2Fwp%2Fv2%2Ftags&post=1514"}],"curies":[{"name":"wp","href":"https:\/\/api.w.org\/{rel}","templated":true}]}}