{"id":15136,"date":"2025-06-16T13:58:17","date_gmt":"2025-06-16T17:58:17","guid":{"rendered":"https:\/\/agromt.news\/?p=15136"},"modified":"2025-06-16T13:58:17","modified_gmt":"2025-06-16T17:58:17","slug":"europa-eleva-previsao-da-safra-de-graos-para-2025","status":"publish","type":"post","link":"https:\/\/agromt.news\/?p=15136","title":{"rendered":"Europa eleva previs\u00e3o da safra de gr\u00e3os para 2025"},"content":{"rendered":"<p> <br \/>\n<\/p>\n<div>\n<p>A COCERAL, associa\u00e7\u00e3o europeia de com\u00e9rcio agr\u00edcola, divulgou sua terceira estimativa para a safra de gr\u00e3os da UE-27 mais Reino Unido em 2025, prevendo uma colheita de 300,7 milh\u00f5es de toneladas. O volume representa um aumento de 4,6 milh\u00f5es de toneladas em rela\u00e7\u00e3o \u00e0 proje\u00e7\u00e3o anterior, feita em mar\u00e7o, e supera em mais de 20 milh\u00f5es de toneladas, ou 7%, o total colhido no ano passado. Segundo a entidade, as condi\u00e7\u00f5es clim\u00e1ticas favor\u00e1veis em regi\u00f5es como sudeste da Europa, Espanha e Fran\u00e7a foram determinantes para a revis\u00e3o positiva dos n\u00fameros.&#13;\n<\/p>\n<p>No caso do trigo (excluindo o trigo duro), a produ\u00e7\u00e3o estimada saltou para 143,1 milh\u00f5es de toneladas, acima das 137,2 milh\u00f5es previstas em mar\u00e7o e bem acima das 126,3 milh\u00f5es de toneladas colhidas no ano passado. Essa recupera\u00e7\u00e3o expressiva refor\u00e7a o otimismo de produtores e comerciantes europeus diante de um cen\u00e1rio clim\u00e1tico mais est\u00e1vel e de boas perspectivas de produtividade para as principais \u00e1reas produtoras.<\/p>\n<p>A produ\u00e7\u00e3o de cevada para 2025 tamb\u00e9m foi ajustada para cima, chegando a 59,2 milh\u00f5es de toneladas, levemente superior aos 58,8 milh\u00f5es projetados anteriormente e acima das 57,1 milh\u00f5es de toneladas colhidas em 2024. J\u00e1 a safra de milho, embora apresente aumento em rela\u00e7\u00e3o a 2024 \u2014 passando de 59,7 milh\u00f5es para 60,6 milh\u00f5es de toneladas \u2014 teve uma leve redu\u00e7\u00e3o em compara\u00e7\u00e3o \u00e0 estimativa anterior de 63,3 milh\u00f5es. Essa revis\u00e3o reflete uma \u00e1rea plantada menor do que a inicialmente prevista e a op\u00e7\u00e3o de muitos agricultores por sementes de girassol.&#13;\n<\/p>\n<p>Por fim, a colheita de colza dever\u00e1 alcan\u00e7ar 20 milh\u00f5es de toneladas, recuperando-se dos 17,9 milh\u00f5es do ano passado. Esse aumento \u00e9 atribu\u00eddo, principalmente, ao retorno do plantio normal em pa\u00edses como Rom\u00eania e Bulg\u00e1ria, al\u00e9m da melhora da produtividade na Fran\u00e7a e na Alemanha. A previs\u00e3o para a colza permanece inalterada desde mar\u00e7o, consolidando a expectativa de um ano promissor para o gr\u00e3o oleaginoso na Europa.<br \/>&#13;<br \/>\n\u00a0<\/p>\n<\/p><\/div>\n<p><script data-cfasync=\"false\">\n    !function (f, b, e, v, n, t, s) {\n        if (f.fbq) return; n = f.fbq = function () {\n            n.callMethod ?\n                n.callMethod.apply(n, arguments) : n.queue.push(arguments)\n        };\n        if (!f._fbq) f._fbq = n; n.push = n; n.loaded = !0; n.version = '2.0';\n        n.queue = []; t = b.createElement(e); t.async = !0;\n        t.src = v; s = b.getElementsByTagName(e)[0];\n        s.parentNode.insertBefore(t, s)\n    }(window, document, 'script',\n        'https:\/\/connect.facebook.net\/en_US\/fbevents.js');\n    fbq('init', '522546078623747');\n    fbq('track', 'PageView');\n<\/script><br \/>\n<br \/><br \/>\n<br \/><a href=\"https:\/\/www.agrolink.com.br\/noticias\/europa-eleva-previsao-da-safra-de-graos-para-2025_502925.html\">Source link <\/a><\/p>\n","protected":false},"excerpt":{"rendered":"<p>A COCERAL, associa\u00e7\u00e3o europeia de com\u00e9rcio agr\u00edcola, divulgou sua terceira estimativa para a safra de gr\u00e3os da UE-27 mais Reino<\/p>\n","protected":false},"author":1,"featured_media":3123,"comment_status":"open","ping_status":"open","sticky":false,"template":"","format":"standard","meta":{"_monsterinsights_skip_tracking":false,"_monsterinsights_sitenote_active":false,"_monsterinsights_sitenote_note":"","_monsterinsights_sitenote_category":0,"_uf_show_specific_survey":0,"_uf_disable_surveys":false,"footnotes":""},"categories":[8,1,14],"tags":[],"class_list":["post-15136","post","type-post","status-publish","format-standard","has-post-thumbnail","hentry","category-agro","category-news","category-politica-agro"],"_links":{"self":[{"href":"https:\/\/agromt.news\/index.php?rest_route=\/wp\/v2\/posts\/15136"}],"collection":[{"href":"https:\/\/agromt.news\/index.php?rest_route=\/wp\/v2\/posts"}],"about":[{"href":"https:\/\/agromt.news\/index.php?rest_route=\/wp\/v2\/types\/post"}],"author":[{"embeddable":true,"href":"https:\/\/agromt.news\/index.php?rest_route=\/wp\/v2\/users\/1"}],"replies":[{"embeddable":true,"href":"https:\/\/agromt.news\/index.php?rest_route=%2Fwp%2Fv2%2Fcomments&post=15136"}],"version-history":[{"count":0,"href":"https:\/\/agromt.news\/index.php?rest_route=\/wp\/v2\/posts\/15136\/revisions"}],"wp:featuredmedia":[{"embeddable":true,"href":"https:\/\/agromt.news\/index.php?rest_route=\/wp\/v2\/media\/3123"}],"wp:attachment":[{"href":"https:\/\/agromt.news\/index.php?rest_route=%2Fwp%2Fv2%2Fmedia&parent=15136"}],"wp:term":[{"taxonomy":"category","embeddable":true,"href":"https:\/\/agromt.news\/index.php?rest_route=%2Fwp%2Fv2%2Fcategories&post=15136"},{"taxonomy":"post_tag","embeddable":true,"href":"https:\/\/agromt.news\/index.php?rest_route=%2Fwp%2Fv2%2Ftags&post=15136"}],"curies":[{"name":"wp","href":"https:\/\/api.w.org\/{rel}","templated":true}]}}