{"id":15135,"date":"2025-06-16T12:01:44","date_gmt":"2025-06-16T16:01:44","guid":{"rendered":"https:\/\/agromt.news\/?p=15135"},"modified":"2025-06-16T12:01:44","modified_gmt":"2025-06-16T16:01:44","slug":"feijao-tera-campanha-nacional-e-fundo-exclusivo","status":"publish","type":"post","link":"https:\/\/agromt.news\/?p=15135","title":{"rendered":"Feij\u00e3o ter\u00e1 campanha nacional e fundo exclusivo"},"content":{"rendered":"<p> <br \/>\n<\/p>\n<div>\n<div class=\"row\">\n<div class=\"col-lg col-infos mt-0 mt-lg-0\">\n<div class=\"section-sub-title\">\n<p itemprop=\"description\">&#13;<br \/>\n                                Todas as frentes seguem alinhadas ao Movimento Pr\u00f3-Feij\u00e3o&#13;\n                            <\/p>\n<\/p><\/div>\n<div class=\"container\">\n<div class=\"row\">\n<div class=\"col-lg p-0\">\n<div>\n<div class=\"block-news-main-infos mt-3 text-start\">\n<p>                                            <strong class=\"fn\" itemprop=\"author\" style=\"color: rgb(112, 112, 112); \">&#13;<br \/>\n                                                <a href=\"https:\/\/www.agrolink.com.br\/noticias\/javascript:;\" class=\"text-uppercase\" target=\"_blank\" style=\"color: rgb(112, 112, 112); \" rel=\"noopener\">Agrolink<\/a>&#13;<br \/>\n&#13;<br \/>\n                                                    &#8211; Leonardo Gottems&#13;<br \/>\n&#13;<br \/>\n                                            <\/strong><br \/>\n                                        <\/p>\n<p>                                            <abbr><time datetime=\"2025-06-16T06:37\" itemprop=\"datePublished dateModified\">Publicado em 16\/06\/2025 \u00e0s 06:37h.<\/time><\/abbr><br \/>\n                                            <\/p><\/div>\n<\/p><\/div>\n<\/p><\/div>\n<div class=\"col-lg p-0 text-lg-end\">\n<div>\n<div id=\"mdEnviarPagina\" class=\"modal fade\" role=\"dialog\">\n<div class=\"modal-dialog\">\n<div class=\"modal-content\">\n<div class=\"modal-body\">\n<p><strong>Estimado usu\u00e1rio.<\/strong><br \/>Preencha o formul\u00e1rio abaixo para remeter a p\u00e1gina.<\/p>\n<\/p><\/div>\n<\/p><\/div>\n<\/p><\/div>\n<\/div><\/div>\n<\/p><\/div>\n<\/p><\/div>\n<\/p><\/div>\n<\/p><\/div>\n<\/p><\/div>\n<div class=\"row justify-content-md-center mt-3\">\n<div class=\"col-lg-auto col-image block-news-main-image\">\n<p>                                <img decoding=\"async\" src=\"https:\/\/www.agrolink.com.br\/upload\/imagens-resizes\/3be0f8944cdd4381b758a46ef74c2b02_858x483.jpg\" class=\"lazyload img-fluid\" alt=\"Todas as frentes seguem alinhadas ao Movimento Pr\u00f3-Feij\u00e3o\"\/><br \/>\n                                                <span class=\"d-block mt-1\">Todas as frentes seguem alinhadas ao Movimento Pr\u00f3-Feij\u00e3o &#8211; Foto: Canva<\/span><\/p><\/div>\n<\/p><\/div>\n<div class=\"section-description section-description-noticias mt-3\">\n<p>Segundo informa\u00e7\u00f5es do Instituto Brasileiro de <a href=\"https:\/\/www.agrolink.com.br\/culturas\/feijao\/?utm_source=agrolink-detalhe-noticia&amp;utm_medium=detalhe-noticia&amp;utm_campaign=links-internos\" target=\"_blank\" rel=\"noopener\">feij\u00e3o<\/a> e Pulses (IBRAFE), o setor de <a href=\"https:\/\/www.agrolink.com.br\/culturas\/feijao\/?utm_source=agrolink-detalhe-noticia&amp;utm_medium=detalhe-noticia&amp;utm_campaign=links-internos\" target=\"_blank\" rel=\"noopener\">feij\u00e3o<\/a> e Gergelim vive um momento de consolida\u00e7\u00e3o nacional, deixando para tr\u00e1s a atua\u00e7\u00e3o isolada de produtores para se estruturar como uma frente unificada, com representa\u00e7\u00e3o pol\u00edtica, apoio institucional e base t\u00e9cnica s\u00f3lida.\u00a0&#13;\n<\/p>\n<p>Nesta semana, em Bras\u00edlia, lideran\u00e7as do IBRAFE reuniram-se com os deputados Z\u00e9 Vitor (MG) e Marussa Boldrin (GO), que manifestaram total apoio \u00e0s principais demandas do segmento, como a Campanha Nacional de Est\u00edmulo ao Consumo de Feij\u00e3o, a cria\u00e7\u00e3o do Fundo Nacional do Feij\u00e3o, o estabelecimento do Dia Nacional do Feij\u00e3o, a inclus\u00e3o do gr\u00e3o na merenda escolar, al\u00e9m de avan\u00e7os em rastreabilidade, log\u00edstica, certifica\u00e7\u00f5es e escoamento da produ\u00e7\u00e3o.<\/p>\n<p>Minas Gerais, por meio da IRRIGANOR e com o apoio do deputado Z\u00e9 Vitor, se torna pe\u00e7a chave nesse movimento de valoriza\u00e7\u00e3o do Feij\u00e3o e do Gergelim. A articula\u00e7\u00e3o nacional j\u00e1 conta com o engajamento de outros estados estrat\u00e9gicos, como Paran\u00e1, representado pelo deputado Pedro Lupion; Goi\u00e1s, com Marussa Boldrin; Mato Grosso, com a SEDEC e a APROFIR (liderada por Hugo Garcia e Afr\u00e2nio Migliari); S\u00e3o Paulo, com Frederico D\u2019Avila; al\u00e9m de Tocantins e Bahia, que avan\u00e7am na mobiliza\u00e7\u00e3o local. A Sociedade Rural Brasileira (SRB) tamb\u00e9m refor\u00e7a o compromisso de liderar a\u00e7\u00f5es em todo o pa\u00eds.&#13;\n<\/p>\n<p>Todas essas frentes seguem alinhadas ao Movimento Pr\u00f3-Feij\u00e3o, aprovado na C\u00e2mara Setorial do Feij\u00e3o e Pulses e lan\u00e7ado durante o 9\u00ba F\u00f3rum Brasileiro do Feij\u00e3o. O documento norteia desde campanhas para aumentar o consumo at\u00e9 estrat\u00e9gias de acesso a novos mercados internacionais, consolidando diretrizes para o fortalecimento de toda a cadeia produtiva. Outro marco importante foi a conquista de um assento do IBRAFE no IPA \u2013 Instituto Pensar Agro, o principal f\u00f3rum t\u00e9cnico da Frente Parlamentar da Agropecu\u00e1ria, com apoio da ABRAFRUTAS, ABINS e da RENAI, representada por Jo\u00e3o Carlos De Carli.\u00a0<br \/>&#13;<br \/>\n\u00a0<\/p>\n<\/p><\/div>\n<\/p><\/div>\n<p><script data-cfasync=\"false\">\n    !function (f, b, e, v, n, t, s) {\n        if (f.fbq) return; n = f.fbq = function () {\n            n.callMethod ?\n                n.callMethod.apply(n, arguments) : n.queue.push(arguments)\n        };\n        if (!f._fbq) f._fbq = n; n.push = n; n.loaded = !0; n.version = '2.0';\n        n.queue = []; t = b.createElement(e); t.async = !0;\n        t.src = v; s = b.getElementsByTagName(e)[0];\n        s.parentNode.insertBefore(t, s)\n    }(window, document, 'script',\n        'https:\/\/connect.facebook.net\/en_US\/fbevents.js');\n    fbq('init', '522546078623747');\n    fbq('track', 'PageView');\n<\/script><br \/>\n<br \/><br \/>\n<br \/><a href=\"https:\/\/www.agrolink.com.br\/noticias\/feijao-tera-campanha-nacional-e-fundo-exclusivo_502926.html\">Source link <\/a><\/p>\n","protected":false},"excerpt":{"rendered":"<p>&#13; Todas as frentes seguem alinhadas ao Movimento Pr\u00f3-Feij\u00e3o&#13; &#13; Agrolink&#13; &#13; &#8211; Leonardo Gottems&#13; &#13; Publicado em 16\/06\/2025 \u00e0s<\/p>\n","protected":false},"author":1,"featured_media":3865,"comment_status":"open","ping_status":"open","sticky":false,"template":"","format":"standard","meta":{"_monsterinsights_skip_tracking":false,"_monsterinsights_sitenote_active":false,"_monsterinsights_sitenote_note":"","_monsterinsights_sitenote_category":0,"_uf_show_specific_survey":0,"_uf_disable_surveys":false,"footnotes":""},"categories":[8,1,14],"tags":[],"class_list":["post-15135","post","type-post","status-publish","format-standard","has-post-thumbnail","hentry","category-agro","category-news","category-politica-agro"],"_links":{"self":[{"href":"https:\/\/agromt.news\/index.php?rest_route=\/wp\/v2\/posts\/15135"}],"collection":[{"href":"https:\/\/agromt.news\/index.php?rest_route=\/wp\/v2\/posts"}],"about":[{"href":"https:\/\/agromt.news\/index.php?rest_route=\/wp\/v2\/types\/post"}],"author":[{"embeddable":true,"href":"https:\/\/agromt.news\/index.php?rest_route=\/wp\/v2\/users\/1"}],"replies":[{"embeddable":true,"href":"https:\/\/agromt.news\/index.php?rest_route=%2Fwp%2Fv2%2Fcomments&post=15135"}],"version-history":[{"count":0,"href":"https:\/\/agromt.news\/index.php?rest_route=\/wp\/v2\/posts\/15135\/revisions"}],"wp:featuredmedia":[{"embeddable":true,"href":"https:\/\/agromt.news\/index.php?rest_route=\/wp\/v2\/media\/3865"}],"wp:attachment":[{"href":"https:\/\/agromt.news\/index.php?rest_route=%2Fwp%2Fv2%2Fmedia&parent=15135"}],"wp:term":[{"taxonomy":"category","embeddable":true,"href":"https:\/\/agromt.news\/index.php?rest_route=%2Fwp%2Fv2%2Fcategories&post=15135"},{"taxonomy":"post_tag","embeddable":true,"href":"https:\/\/agromt.news\/index.php?rest_route=%2Fwp%2Fv2%2Ftags&post=15135"}],"curies":[{"name":"wp","href":"https:\/\/api.w.org\/{rel}","templated":true}]}}