{"id":15132,"date":"2025-06-16T11:10:06","date_gmt":"2025-06-16T15:10:06","guid":{"rendered":"https:\/\/agromt.news\/?p=15132"},"modified":"2025-06-16T11:10:06","modified_gmt":"2025-06-16T15:10:06","slug":"mandioca-sofre-queda-nas-vendas-e-estoques-aumentam","status":"publish","type":"post","link":"https:\/\/agromt.news\/?p=15132","title":{"rendered":"Mandioca sofre queda nas vendas e estoques aumentam"},"content":{"rendered":"<p> <br \/>\n<br \/><img decoding=\"async\" src=\"https:\/\/agromt.news\/wp-content\/uploads\/2024\/11\/media-de-precos-em-outubro-e-a-maior-em-14.png\" \/><\/p>\n<div>\n<p>A \u00faltima semana foi de lentid\u00e3o no mercado de f\u00e9cula de mandioca, com neg\u00f3cios pontuais e envolvendo menores quantidades. \u00c9 isso que mostram os dados do <a href=\"https:\/\/www.canalrural.com.br\/tag\/cepea\/\">Centro de Estudos Avan\u00e7ados em Economia Aplicada (Cepea)<\/a>.<\/p>\n<p>De acordo com o instituto, os lotes foram destinados principalmente aos segmentos de massas e panifica\u00e7\u00e3o e alguns varejistas da regi\u00e3o Centro-Sul.<\/p>\n<p>Com a produ\u00e7\u00e3o do 1\u00ba quadrimestre tendo ficado 5,1% acima da de igual per\u00edodo do ano passado, houve ac\u00famulo de estoques nas fecularias e modificadoras. Segundo dados do Cepea, na \u00faltima semana, o total estocado cresceu 2,9%. O valor supera, assim, em 39% o estoque do mesmo per\u00edodo de 2024 e \u00e9 tamb\u00e9m o mais alto desde outubro de 2023.<\/p>\n<p>Pesquisadores explicam que a maior lentid\u00e3o tem ocorrido para as vendas no varejo. Conforme dados do IBGE, estas ca\u00edram 0,4% em maio, ap\u00f3s tr\u00eas meses de aumentos consecutivos.<\/p>\n<\/div>\n<div>\n<p>No com\u00e9rcio varejista ampliado, que inclui o atacado de alimentos e bebidas, a queda mensal foi de 1,9%. Esse cen\u00e1rio passou a pressionar as cota\u00e7\u00f5es da f\u00e9cula. Conforme levantamentos do Cepea, a m\u00e9dia semanal a prazo para a tonelada foi de R$ 3.114,69, representando R$ 77,87 pela saca de 25 kg. A m\u00e9dia registra pequena baixa de 0,1% em rela\u00e7\u00e3o ao per\u00edodo anterior. J\u00e1 na parcial do m\u00eas, o recuo \u00e9 de 1,6% frente \u00e0 m\u00e9dia de maio.<\/p>\n<p><em>*Sob supervis\u00e3o de Luis Roberto Toledo<\/em><\/p>\n<\/p><\/div>\n<p><br \/>\n<br \/><a href=\"https:\/\/www.canalrural.com.br\/agricultura\/mandioca-sofre-queda-nas-vendas-e-estoques-aumentam\/\">Source link <\/a><\/p>\n","protected":false},"excerpt":{"rendered":"<p>A \u00faltima semana foi de lentid\u00e3o no mercado de f\u00e9cula de mandioca, com neg\u00f3cios pontuais e envolvendo menores quantidades. \u00c9<\/p>\n","protected":false},"author":1,"featured_media":4432,"comment_status":"open","ping_status":"open","sticky":false,"template":"","format":"standard","meta":{"_monsterinsights_skip_tracking":false,"_monsterinsights_sitenote_active":false,"_monsterinsights_sitenote_note":"","_monsterinsights_sitenote_category":0,"_uf_show_specific_survey":0,"_uf_disable_surveys":false,"footnotes":""},"categories":[1],"tags":[],"class_list":["post-15132","post","type-post","status-publish","format-standard","has-post-thumbnail","hentry","category-news"],"_links":{"self":[{"href":"https:\/\/agromt.news\/index.php?rest_route=\/wp\/v2\/posts\/15132"}],"collection":[{"href":"https:\/\/agromt.news\/index.php?rest_route=\/wp\/v2\/posts"}],"about":[{"href":"https:\/\/agromt.news\/index.php?rest_route=\/wp\/v2\/types\/post"}],"author":[{"embeddable":true,"href":"https:\/\/agromt.news\/index.php?rest_route=\/wp\/v2\/users\/1"}],"replies":[{"embeddable":true,"href":"https:\/\/agromt.news\/index.php?rest_route=%2Fwp%2Fv2%2Fcomments&post=15132"}],"version-history":[{"count":0,"href":"https:\/\/agromt.news\/index.php?rest_route=\/wp\/v2\/posts\/15132\/revisions"}],"wp:featuredmedia":[{"embeddable":true,"href":"https:\/\/agromt.news\/index.php?rest_route=\/wp\/v2\/media\/4432"}],"wp:attachment":[{"href":"https:\/\/agromt.news\/index.php?rest_route=%2Fwp%2Fv2%2Fmedia&parent=15132"}],"wp:term":[{"taxonomy":"category","embeddable":true,"href":"https:\/\/agromt.news\/index.php?rest_route=%2Fwp%2Fv2%2Fcategories&post=15132"},{"taxonomy":"post_tag","embeddable":true,"href":"https:\/\/agromt.news\/index.php?rest_route=%2Fwp%2Fv2%2Ftags&post=15132"}],"curies":[{"name":"wp","href":"https:\/\/api.w.org\/{rel}","templated":true}]}}