{"id":15131,"date":"2025-06-16T10:54:33","date_gmt":"2025-06-16T14:54:33","guid":{"rendered":"https:\/\/agromt.news\/?p=15131"},"modified":"2025-06-16T10:54:33","modified_gmt":"2025-06-16T14:54:33","slug":"feijoes-de-maior-qualidade-seguem-com-preco-firme","status":"publish","type":"post","link":"https:\/\/agromt.news\/?p=15131","title":{"rendered":"Feij\u00f5es de maior qualidade seguem com pre\u00e7o firme"},"content":{"rendered":"<p> <br \/>\n<br \/><img decoding=\"async\" src=\"https:\/\/agromt.news\/wp-content\/uploads\/2025\/04\/FeijaoCepea-com-grande-oferta-e-fraca-demanda-precos-seguem-em.jpg\" \/><\/p>\n<div>\n<p>Os pre\u00e7os dos feij\u00f5es apresentam movimentos distintos, com as varia\u00e7\u00f5es sendo influenciadas especialmente pela qualidade do gr\u00e3o.\u00a0Isso de acordo com os dados do <a href=\"https:\/\/www.canalrural.com.br\/tag\/cepea\/\">Centro de Estudos Avan\u00e7ados em Economia Aplicada (Cepea)<\/a>.<\/p>\n<p>Segundo pesquisadores do Cepea, os valores dos feij\u00f5es de maior qualidade est\u00e3o firmes em v\u00e1rias pra\u00e7as, sustentados pela oferta limitada de gr\u00e3o com bom padr\u00e3o. J\u00e1 os pre\u00e7os dos feij\u00f5es comerciais est\u00e3o em queda, pressionados pelo maior volume dispon\u00edvel, sobretudo de lotes de menor qualidade.\u00a0<\/p>\n<p>Em relat\u00f3rio divulgado neste m\u00eas, a Conab indica que a safra brasileira 2024\/25 de feij\u00e3o deve somar 3,17 milh\u00f5es de toneladas, queda de 0,8% frente \u00e0 anterior. A primeira safra, j\u00e1 conclu\u00edda, teve produ\u00e7\u00e3o 12,8% maior que a anterior e somou 1,06 milh\u00e3o de toneladas.<\/p>\n<\/div>\n<div>\n<p>J\u00e1 a perspectiva para a segunda safra, ainda em andamento, \u00e9 uma redu\u00e7\u00e3o de 7,3% devendo totalizar tamb\u00e9m 1,36 milh\u00e3o de toneladas.\u00a0<\/p>\n<p>Para a terceira safra, que avan\u00e7a nas regi\u00f5es irrigadas, est\u00e1 estimada pela Conab uma queda de 5,1% no comparativo com a anterior. Assim a colheita est\u00e1 projetada em 749,6 mil toneladas.<\/p>\n<p><em>*Sob supervis\u00e3o de Luis Roberto Toledo<\/em><\/p>\n<\/p><\/div>\n<p><br \/>\n<br \/><a href=\"https:\/\/www.canalrural.com.br\/agricultura\/feijoes-de-maior-qualidade-seguem-com-preco-firme\/\">Source link <\/a><\/p>\n","protected":false},"excerpt":{"rendered":"<p>Os pre\u00e7os dos feij\u00f5es apresentam movimentos distintos, com as varia\u00e7\u00f5es sendo influenciadas especialmente pela qualidade do gr\u00e3o.\u00a0Isso de acordo com<\/p>\n","protected":false},"author":1,"featured_media":12711,"comment_status":"open","ping_status":"open","sticky":false,"template":"","format":"standard","meta":{"_monsterinsights_skip_tracking":false,"_monsterinsights_sitenote_active":false,"_monsterinsights_sitenote_note":"","_monsterinsights_sitenote_category":0,"_uf_show_specific_survey":0,"_uf_disable_surveys":false,"footnotes":""},"categories":[1],"tags":[],"class_list":["post-15131","post","type-post","status-publish","format-standard","has-post-thumbnail","hentry","category-news"],"_links":{"self":[{"href":"https:\/\/agromt.news\/index.php?rest_route=\/wp\/v2\/posts\/15131"}],"collection":[{"href":"https:\/\/agromt.news\/index.php?rest_route=\/wp\/v2\/posts"}],"about":[{"href":"https:\/\/agromt.news\/index.php?rest_route=\/wp\/v2\/types\/post"}],"author":[{"embeddable":true,"href":"https:\/\/agromt.news\/index.php?rest_route=\/wp\/v2\/users\/1"}],"replies":[{"embeddable":true,"href":"https:\/\/agromt.news\/index.php?rest_route=%2Fwp%2Fv2%2Fcomments&post=15131"}],"version-history":[{"count":0,"href":"https:\/\/agromt.news\/index.php?rest_route=\/wp\/v2\/posts\/15131\/revisions"}],"wp:featuredmedia":[{"embeddable":true,"href":"https:\/\/agromt.news\/index.php?rest_route=\/wp\/v2\/media\/12711"}],"wp:attachment":[{"href":"https:\/\/agromt.news\/index.php?rest_route=%2Fwp%2Fv2%2Fmedia&parent=15131"}],"wp:term":[{"taxonomy":"category","embeddable":true,"href":"https:\/\/agromt.news\/index.php?rest_route=%2Fwp%2Fv2%2Fcategories&post=15131"},{"taxonomy":"post_tag","embeddable":true,"href":"https:\/\/agromt.news\/index.php?rest_route=%2Fwp%2Fv2%2Ftags&post=15131"}],"curies":[{"name":"wp","href":"https:\/\/api.w.org\/{rel}","templated":true}]}}