{"id":15129,"date":"2025-06-16T10:26:39","date_gmt":"2025-06-16T14:26:39","guid":{"rendered":"https:\/\/agromt.news\/?p=15129"},"modified":"2025-06-16T10:26:39","modified_gmt":"2025-06-16T14:26:39","slug":"precos-do-grao-seguem-firmes-enquanto-derivados-recuam","status":"publish","type":"post","link":"https:\/\/agromt.news\/?p=15129","title":{"rendered":"pre\u00e7os do gr\u00e3o seguem firmes enquanto derivados recuam"},"content":{"rendered":"<p> <br \/>\n<br \/><img decoding=\"async\" src=\"https:\/\/agromt.news\/wp-content\/uploads\/2025\/03\/Tarifas-anunciadas-por-Trump-colocam-Brasil-na-mira.png\" \/><\/p>\n<div>\n<p>Os pre\u00e7os da soja em gr\u00e3o seguem firmes no mercado brasileiro. De acordo com o <a href=\"https:\/\/www.canalrural.com.br\/tag\/cepea\/\">Centro de Estudos Avan\u00e7ados em Economia Aplicada (Cepea)<\/a>, em meio ao cen\u00e1rio de oferta abundante, a demanda externa aquecida vem garantindo suporte \u00e0s cota\u00e7\u00f5es.\u00a0\u00a0<\/p>\n<p>Por outro lado, os pesquisadores da entidade apontam que os valores do farelo e do \u00f3leo de soja est\u00e3o em queda. A desvaloriza\u00e7\u00e3o do \u00f3leo de soja est\u00e1 atrelada \u00e0 baixa procura interna, sobretudo por parte do setor de biodiesel.\u00a0<\/p>\n<p>Quanto ao farelo, das 32 regi\u00f5es acompanhadas pelo Cepea, 16 registraram os menores pre\u00e7os desde setembro de 2017, em termos reais.\u00a0<\/p>\n<\/div>\n<div>\n<p>A Companhia Nacional de Abastecimento (Conab) reajustou, na semana passada, a produ\u00e7\u00e3o nacional de soja da safra 2024\/25 para 169,6 milh\u00f5es de toneladas. O reajuste representa aumento de 0,75% sobre o estimado em maio, batendo o recorde.\u00a0<\/p>\n<p>Dessa forma, o volume indicado pelo \u00f3rg\u00e3o \u00e9 similar \u00e0s 169 milh\u00f5es de toneladas projetadas pelo USDA.<\/p>\n<p><em>*Sob supervis\u00e3o de Luis Roberto Toledo<\/em><\/p>\n<\/p><\/div>\n<p><br \/>\n<br \/><a href=\"https:\/\/www.canalrural.com.br\/agricultura\/soja-precos-do-grao-seguem-firmes-enquanto-derivados-recuam\/\">Source link <\/a><\/p>\n","protected":false},"excerpt":{"rendered":"<p>Os pre\u00e7os da soja em gr\u00e3o seguem firmes no mercado brasileiro. De acordo com o Centro de Estudos Avan\u00e7ados em<\/p>\n","protected":false},"author":1,"featured_media":11464,"comment_status":"open","ping_status":"open","sticky":false,"template":"","format":"standard","meta":{"_monsterinsights_skip_tracking":false,"_monsterinsights_sitenote_active":false,"_monsterinsights_sitenote_note":"","_monsterinsights_sitenote_category":0,"_uf_show_specific_survey":0,"_uf_disable_surveys":false,"footnotes":""},"categories":[1],"tags":[],"class_list":["post-15129","post","type-post","status-publish","format-standard","has-post-thumbnail","hentry","category-news"],"_links":{"self":[{"href":"https:\/\/agromt.news\/index.php?rest_route=\/wp\/v2\/posts\/15129"}],"collection":[{"href":"https:\/\/agromt.news\/index.php?rest_route=\/wp\/v2\/posts"}],"about":[{"href":"https:\/\/agromt.news\/index.php?rest_route=\/wp\/v2\/types\/post"}],"author":[{"embeddable":true,"href":"https:\/\/agromt.news\/index.php?rest_route=\/wp\/v2\/users\/1"}],"replies":[{"embeddable":true,"href":"https:\/\/agromt.news\/index.php?rest_route=%2Fwp%2Fv2%2Fcomments&post=15129"}],"version-history":[{"count":0,"href":"https:\/\/agromt.news\/index.php?rest_route=\/wp\/v2\/posts\/15129\/revisions"}],"wp:featuredmedia":[{"embeddable":true,"href":"https:\/\/agromt.news\/index.php?rest_route=\/wp\/v2\/media\/11464"}],"wp:attachment":[{"href":"https:\/\/agromt.news\/index.php?rest_route=%2Fwp%2Fv2%2Fmedia&parent=15129"}],"wp:term":[{"taxonomy":"category","embeddable":true,"href":"https:\/\/agromt.news\/index.php?rest_route=%2Fwp%2Fv2%2Fcategories&post=15129"},{"taxonomy":"post_tag","embeddable":true,"href":"https:\/\/agromt.news\/index.php?rest_route=%2Fwp%2Fv2%2Ftags&post=15129"}],"curies":[{"name":"wp","href":"https:\/\/api.w.org\/{rel}","templated":true}]}}