{"id":15125,"date":"2025-06-16T09:30:05","date_gmt":"2025-06-16T13:30:05","guid":{"rendered":"https:\/\/agromt.news\/?p=15125"},"modified":"2025-06-16T09:30:05","modified_gmt":"2025-06-16T13:30:05","slug":"precos-do-frango-termina-a-semana-estavel-mas-ganha-competitividade-frente","status":"publish","type":"post","link":"https:\/\/agromt.news\/?p=15125","title":{"rendered":"Pre\u00e7os do frango termina a semana est\u00e1vel, mas ganha competitividade frente&#8230;"},"content":{"rendered":"<p> <br \/>\n<\/p>\n<div>\n<p><img decoding=\"async\" alt=\"Logotipo Not&#xED;cias Agr&#xED;colas\" height=\"21\" src=\"https:\/\/cdn.noticiasagricolas.com.br\/dbimagens\/e12363a00741f9cc7caf23469101a4aa.png\" width=\"106\"\/><\/p>\n<p>O mercado do frango termina esta sexta-feira com cota\u00e7\u00f5es, na maioria, est\u00e1veis, com t\u00edmidas quedas registradas pontualmente. Segundo an\u00e1lise do Cepea, carne de frango tem ganhado competitividade em rela\u00e7\u00e3o \u00e0 su\u00edna, mas perdido frente \u00e0 bovina, apontam levantamentos do Cepea.\u00a0<\/p>\n<p>Desde o in\u00edcio do m\u00eas, as cota\u00e7\u00f5es da carne de frango v\u00eam avan\u00e7ando, sustentadas pela demanda aquecida em fun\u00e7\u00e3o do pagamento de sal\u00e1rios no per\u00edodo. Uma parcela dos agentes consultados pelo Centro de Pesquisas indica que a procura, no entanto, come\u00e7a a se desaquecer, enquanto outros avaliam que o ritmo de vendas da prote\u00edna segue firme.<\/p>\n<p>De acordo com a Scot Consultoria, o valor do frango na granja em S\u00e3o Paulo permaneceu est\u00e1vel, custando, em m\u00e9dia, R$ 6,50\/kg, \u00a0enquanto a ave no atacado caiu 0,62%, custando, em m\u00e9dia, R$ 8,05\/kg.<\/p>\n<p>No caso do animal vivo, o pre\u00e7o ficou est\u00e1vel em Santa Catarina, custando R$ 4,72\/kg, enquanto no Paran\u00e1, houve queda t\u00edmida de 0,19%, valendo R$ 5,25\/kg.<\/p>\n<p>Conforme informa\u00e7\u00f5es do Cepea\/Esalq,Vivo, referentes \u00e0 quinta-feira (15), tanto o pre\u00e7o da ave congelada quanto o frango resfriado ficaram est\u00e1veis, custando, respectivamente, R$ 8,70\/kg e R$ 8,81\/kg.<\/p>\n<\/p><\/div>\n<p><script async defer src=\"https:\/\/connect.facebook.net\/en_US\/sdk.js\"><\/script><script>\n  !function(f,b,e,v,n,t,s)\n  {if(f.fbq)return;n=f.fbq=function(){n.callMethod?\n    n.callMethod.apply(n,arguments):n.queue.push(arguments)};\n    if(!f._fbq)f._fbq=n;n.push=n;n.loaded=!0;n.version='2.0';\n    n.queue=[];t=b.createElement(e);t.async=!0;\n    t.src=v;s=b.getElementsByTagName(e)[0];\n    s.parentNode.insertBefore(t,s)}(window, document,'script',\n    'https:\/\/connect.facebook.net\/en_US\/fbevents.js');\n  fbq('init', '153495679422335');\n  fbq('track', 'PageView');\n<\/script><br \/>\n<br \/><br \/>\n<br \/><a href=\"https:\/\/www.noticiasagricolas.com.br\/noticias\/granjeiros\/400640-frango-mercado-caminha-lateralizado-nesta-sexta-feira-16.html\">Source link <\/a><\/p>\n","protected":false},"excerpt":{"rendered":"<p>O mercado do frango termina esta sexta-feira com cota\u00e7\u00f5es, na maioria, est\u00e1veis, com t\u00edmidas quedas registradas pontualmente. Segundo an\u00e1lise do<\/p>\n","protected":false},"author":1,"featured_media":13471,"comment_status":"open","ping_status":"open","sticky":false,"template":"","format":"standard","meta":{"_monsterinsights_skip_tracking":false,"_monsterinsights_sitenote_active":false,"_monsterinsights_sitenote_note":"","_monsterinsights_sitenote_category":0,"_uf_show_specific_survey":0,"_uf_disable_surveys":false,"footnotes":""},"categories":[8,1,14,16],"tags":[],"class_list":["post-15125","post","type-post","status-publish","format-standard","has-post-thumbnail","hentry","category-agro","category-news","category-politica-agro","category-safra"],"_links":{"self":[{"href":"https:\/\/agromt.news\/index.php?rest_route=\/wp\/v2\/posts\/15125"}],"collection":[{"href":"https:\/\/agromt.news\/index.php?rest_route=\/wp\/v2\/posts"}],"about":[{"href":"https:\/\/agromt.news\/index.php?rest_route=\/wp\/v2\/types\/post"}],"author":[{"embeddable":true,"href":"https:\/\/agromt.news\/index.php?rest_route=\/wp\/v2\/users\/1"}],"replies":[{"embeddable":true,"href":"https:\/\/agromt.news\/index.php?rest_route=%2Fwp%2Fv2%2Fcomments&post=15125"}],"version-history":[{"count":0,"href":"https:\/\/agromt.news\/index.php?rest_route=\/wp\/v2\/posts\/15125\/revisions"}],"wp:featuredmedia":[{"embeddable":true,"href":"https:\/\/agromt.news\/index.php?rest_route=\/wp\/v2\/media\/13471"}],"wp:attachment":[{"href":"https:\/\/agromt.news\/index.php?rest_route=%2Fwp%2Fv2%2Fmedia&parent=15125"}],"wp:term":[{"taxonomy":"category","embeddable":true,"href":"https:\/\/agromt.news\/index.php?rest_route=%2Fwp%2Fv2%2Fcategories&post=15125"},{"taxonomy":"post_tag","embeddable":true,"href":"https:\/\/agromt.news\/index.php?rest_route=%2Fwp%2Fv2%2Ftags&post=15125"}],"curies":[{"name":"wp","href":"https:\/\/api.w.org\/{rel}","templated":true}]}}