{"id":15123,"date":"2025-06-16T09:11:48","date_gmt":"2025-06-16T13:11:48","guid":{"rendered":"https:\/\/agromt.news\/?p=15123"},"modified":"2025-06-16T09:11:48","modified_gmt":"2025-06-16T13:11:48","slug":"a-tempestade-perfeita-para-o-agro-e-a-economia-brasileira","status":"publish","type":"post","link":"https:\/\/agromt.news\/?p=15123","title":{"rendered":"a tempestade perfeita para o agro e a economia brasileira"},"content":{"rendered":"<p> <br \/>\n<\/p>\n<div>\n<p>O mundo assiste com crescente apreens\u00e3o \u00e0 escalada de tens\u00f5es entre Ir\u00e3 e Israel, um conflito de alto risco que ocorre em um cen\u00e1rio internacional j\u00e1 inst\u00e1vel, marcado por lideran\u00e7as despreparadas, ideol\u00f3gicas e desconectadas da realidade econ\u00f4mica e social. A guerra, que parecia localizada, amea\u00e7a se espalhar e contaminar cadeias log\u00edsticas, rotas energ\u00e9ticas e, principalmente, os mercados globais de commodities, inclusive os agr\u00edcolas.<\/p>\n<p>Nesse ambiente, o agroneg\u00f3cio brasileiro, um dos principais pilares da nossa economia, encontra-se vulner\u00e1vel. N\u00e3o apenas pelos reflexos externos que a guerra pode provocar, mas, sobretudo, pela crise interna que se agrava no Brasil. Temos um pa\u00eds em rota de colis\u00e3o institucional, com Executivo, Legislativo e Judici\u00e1rio travando batalhas que nada t\u00eam a ver com os reais interesses da popula\u00e7\u00e3o \u2014 e muito menos com os desafios do setor produtivo.<\/p>\n<p>Enquanto o mundo come\u00e7a a se preparar para os impactos econ\u00f4micos dessa nova guerra no Oriente M\u00e9dio \u2014 que pode pressionar ainda mais os custos log\u00edsticos, o pre\u00e7o do petr\u00f3leo e os mercados financeiros \u2014, o Brasil segue em marcha cega rumo ao abismo. O crescimento da d\u00edvida p\u00fablica, o descontrole fiscal disfar\u00e7ado sob o nome de \u201carcabou\u00e7o\u201d, o aumento da carga tribut\u00e1ria e o desprezo por reformas estruturais, como a administrativa, criam um ambiente de asfixia para o empreendedorismo e o investimento.<\/p>\n<p>No Congresso, a defesa de privil\u00e9gios se sobrep\u00f5e \u00e0 responsabilidade fiscal. No Executivo, programas sociais s\u00e3o multiplicados com vi\u00e9s eleitoreiro, enquanto o governo ignora os endividados produtores do <strong><a href=\"https:\/\/www.canalrural.com.br\/nacional\/rio-grande-do-sul\/\">Rio Grande do Sul<\/a><\/strong>, que clamam por socorro diante da maior crise clim\u00e1tica da hist\u00f3ria recente. No Judici\u00e1rio, ativismo e protagonismo exacerbado tomam o lugar da previsibilidade jur\u00eddica, essencial para o investimento de longo prazo.<\/p>\n<\/div>\n<div>\n<p>Tudo isso ocorre em um momento em que o Brasil deveria estar se posicionando como uma pot\u00eancia est\u00e1vel e confi\u00e1vel no fornecimento global de alimentos. Com o mundo em conflito, o agro brasileiro deveria ser valorizado como ativo estrat\u00e9gico \u2014 mas aqui, \u00e9 tratado como fonte de receita para cobrir rombos da m\u00e1 gest\u00e3o p\u00fablica.<\/p>\n<p>O risco sist\u00eamico global, combinado com a paralisia pol\u00edtica e o despreparo interno, cria um cen\u00e1rio preocupante: estamos diante de uma tempestade perfeita. O agro, que representa um quarto do PIB brasileiro e responde pela gera\u00e7\u00e3o de super\u00e1vits comerciais em s\u00e9rie, est\u00e1 sendo empurrado para o mesmo buraco fiscal, regulat\u00f3rio e pol\u00edtico que sufoca outros setores.<\/p>\n<p>Se nada mudar, o que nos espera \u00e9 um pa\u00eds mais endividado, mais polarizado, menos produtivo e sem capacidade de reagir quando os ventos da geopol\u00edtica mudarem de dire\u00e7\u00e3o \u2014 como j\u00e1 est\u00e3o mudando.<\/p>\n<h2 class=\"wp-block-heading\" id=\"h-conclusao\">Conclus\u00e3o<\/h2>\n<p>O Brasil precisa retomar o senso de urg\u00eancia. O mundo est\u00e1 em guerra \u2014 n\u00e3o apenas com armas, mas com ideias fracas, lideran\u00e7as fr\u00e1geis e economias em desequil\u00edbrio. Se n\u00e3o acordarmos agora, corremos o risco de ser mais uma v\u00edtima da combina\u00e7\u00e3o entre irresponsabilidade externa e inconsequ\u00eancia interna. E nesse cen\u00e1rio, quem mais perde \u00e9 o setor que mais d\u00e1: o agroneg\u00f3cio.<\/p>\n<div class=\"wp-block-media-text is-stacked-on-mobile\">\n<figure class=\"wp-block-media-text__media\"><img fetchpriority=\"high\" decoding=\"async\" width=\"683\" height=\"1024\" alt=\"Miguel Daoud\" class=\"wp-image-4095706 size-full\"  data-lazy- src=\"https:\/\/agromt.news\/wp-content\/uploads\/2025\/04\/Como-guerras-e-crises-moldaram-o-preco-das-commodities-nos.jpg\"\/><img decoding=\"async\" width=\"683\" height=\"1024\" src=\"https:\/\/agromt.news\/wp-content\/uploads\/2025\/04\/Como-guerras-e-crises-moldaram-o-preco-das-commodities-nos.jpg\" alt=\"Miguel Daoud\" class=\"wp-image-4095706 size-full\"  \/><\/figure>\n<div class=\"wp-block-media-text__content\">\n<p class=\"has-text-align-center\"><em><strong>Miguel Daoud<\/strong>\u00a0\u00e9 comentarista de Economia e Pol\u00edtica\u00a0do Canal Rural<\/em><\/p>\n<\/div>\n<\/div>\n<hr class=\"wp-block-separator has-alpha-channel-opacity\"\/>\n<p><em>O\u00a0<strong>Canal Rural<\/strong>\u00a0n\u00e3o se responsabiliza pelas opini\u00f5es e conceitos emitidos nos textos desta sess\u00e3o, sendo os conte\u00fados de inteira responsabilidade de seus autores. A empresa se reserva o direito de fazer ajustes no texto para adequa\u00e7\u00e3o \u00e0s normas de publica\u00e7\u00e3o.<\/em><\/p>\n<\/p><\/div>\n<p><br \/>\n<br \/><a href=\"https:\/\/www.canalrural.com.br\/opiniao-noticias\/risco-geopolitico-e-miopia-politica-a-tempestade-perfeita-para-o-agro-e-a-economia-brasileira\/\">Source link <\/a><\/p>\n","protected":false},"excerpt":{"rendered":"<p>O mundo assiste com crescente apreens\u00e3o \u00e0 escalada de tens\u00f5es entre Ir\u00e3 e Israel, um conflito de alto risco que<\/p>\n","protected":false},"author":1,"featured_media":15124,"comment_status":"open","ping_status":"open","sticky":false,"template":"","format":"standard","meta":{"_monsterinsights_skip_tracking":false,"_monsterinsights_sitenote_active":false,"_monsterinsights_sitenote_note":"","_monsterinsights_sitenote_category":0,"_uf_show_specific_survey":0,"_uf_disable_surveys":false,"footnotes":""},"categories":[1],"tags":[],"class_list":["post-15123","post","type-post","status-publish","format-standard","has-post-thumbnail","hentry","category-news"],"_links":{"self":[{"href":"https:\/\/agromt.news\/index.php?rest_route=\/wp\/v2\/posts\/15123"}],"collection":[{"href":"https:\/\/agromt.news\/index.php?rest_route=\/wp\/v2\/posts"}],"about":[{"href":"https:\/\/agromt.news\/index.php?rest_route=\/wp\/v2\/types\/post"}],"author":[{"embeddable":true,"href":"https:\/\/agromt.news\/index.php?rest_route=\/wp\/v2\/users\/1"}],"replies":[{"embeddable":true,"href":"https:\/\/agromt.news\/index.php?rest_route=%2Fwp%2Fv2%2Fcomments&post=15123"}],"version-history":[{"count":0,"href":"https:\/\/agromt.news\/index.php?rest_route=\/wp\/v2\/posts\/15123\/revisions"}],"wp:featuredmedia":[{"embeddable":true,"href":"https:\/\/agromt.news\/index.php?rest_route=\/wp\/v2\/media\/15124"}],"wp:attachment":[{"href":"https:\/\/agromt.news\/index.php?rest_route=%2Fwp%2Fv2%2Fmedia&parent=15123"}],"wp:term":[{"taxonomy":"category","embeddable":true,"href":"https:\/\/agromt.news\/index.php?rest_route=%2Fwp%2Fv2%2Fcategories&post=15123"},{"taxonomy":"post_tag","embeddable":true,"href":"https:\/\/agromt.news\/index.php?rest_route=%2Fwp%2Fv2%2Ftags&post=15123"}],"curies":[{"name":"wp","href":"https:\/\/api.w.org\/{rel}","templated":true}]}}