{"id":1512,"date":"2024-09-13T01:47:09","date_gmt":"2024-09-13T05:47:09","guid":{"rendered":"https:\/\/agromt.news\/?p=1512"},"modified":"2024-09-13T01:47:09","modified_gmt":"2024-09-13T05:47:09","slug":"arrozeiros-reforcam-orientacao-de-manutencao-do-mercado-interno-de-arroz","status":"publish","type":"post","link":"https:\/\/agromt.news\/?p=1512","title":{"rendered":"Arrozeiros refor\u00e7am orienta\u00e7\u00e3o de manuten\u00e7\u00e3o do mercado interno de arroz"},"content":{"rendered":"<p> <br \/>\n<\/p>\n<div>\n<div class=\"row\">\n<div class=\"col-lg col-infos mt-3 mt-lg-0\">\n<div class=\"section-sub-title\">\n<p itemprop=\"description\">\nMomento \u00e9 da classe oriz\u00edcola desprender-se e demonstrar toda sua organiza\u00e7\u00e3o\n<\/p>\n<\/div>\n<div class=\"container\">\n<div class=\"row\">\n<div class=\"col-lg p-0 text-lg-end\">\n<div>\n<div id=\"mdEnviarPagina\" class=\"modal fade\" role=\"dialog\">\n<div class=\"modal-dialog\">\n<div class=\"modal-content\">\n<div class=\"modal-body\">\n<p><strong>Estimado usu\u00e1rio.<\/strong><br \/>Preencha o formul\u00e1rio abaixo para remeter a p\u00e1gina.<\/p>\n<\/div>\n<\/div>\n<\/div>\n<\/div>\n<\/div>\n<\/div>\n<\/div>\n<\/div>\n<\/div>\n<\/div>\n<div class=\"row justify-content-md-center mt-3\">\n<div class=\"col-lg-auto col-image  block-news-main-image d-none d-md-block\">\n<img decoding=\"async\" src=\"https:\/\/www.agrolink.com.br\/upload\/imagens-resizes\/7b060b8543d14f28a3256b40e57505c9_858x483.jpg\" class=\"lazyload\"\/><br \/>\n<span class=\"publicity-photo d-block mt-1\">Foto: Paulo Rossi\/Divulga\u00e7\u00e3o<\/span>\n<\/div>\n<\/div>\n<div class=\"section-description section-description-noticias mt-3\">\n<p style=\"text-align:justify\">A Federa\u00e7\u00e3o das Associa\u00e7\u00f5es de Arrozeiros do Rio Grande do Sul (Federarroz), emitiu nota, assinada pelo presidente da entidade, Alexandre Velho, tra\u00e7ando uma avalia\u00e7\u00e3o moment\u00e2nea do ano de 2024. Segundo a federa\u00e7\u00e3o, este vem sendo um ano desafiador para a Federarroz, arrozeiros, agricultores e povo ga\u00facho pois, al\u00e9m de todos os desafios clim\u00e1ticos que felizmente passaram, persistem os estruturais e pol\u00edticos que ainda perduram, alongando inseguran\u00e7a e corroendo a esperan\u00e7a da retomada.\n<\/p>\n<p style=\"text-align:justify\">Conforme o comunicado, em meio a trag\u00e9dia geral, resolvendo infort\u00fanios particulares, desprendendo-se \u00e0 a\u00e7\u00f5es solid\u00e1rias, inquieta e nervosa para colaborar e atenuar o sofrimento do vizinho mais necessitado, a diretoria da Federarroz foi ao centro do Governo Federal para desfazer inten\u00e7\u00e3o de importa\u00e7\u00e3o de <a href=\"https:\/\/www.agrolink.com.br\/culturas\/arroz\/?utm_source=agrolink-detalhe-noticia&amp;utm_medium=detalhe-noticia&amp;utm_campaign=links-internos\" target=\"_blank\" rel=\"noopener\">arroz<\/a> que fatalmente traria consigo mais inseguran\u00e7a aos arrozeiros. &#8220;Foram selados acordos, baseados especialmente no car\u00e1ter e honra de cada part\u00edcipe das v\u00e1rias reuni\u00f5es&#8221;, observa a nota.\n<\/p>\n<p style=\"text-align:justify\">A entidade salienta que, agora, momento em que Cepea\/Esalq ruma para indicativo de R$120,00, no \u00faltimo ter\u00e7o da temporada comercial, \u00e9 momento da classe oriz\u00edcola desprender-se e demonstrar toda sua organiza\u00e7\u00e3o e manter o mercado plenamente abastecido. &#8220;N\u00f3s arrozeiros decidimos produzir alimento &#8220;in natura&#8221; mais consumido pelo ser humano. Assim, precisamos demonstrar toda a nobreza do of\u00edcio dessa profiss\u00e3o&#8221;, destaca a nota.\n<\/p>\n<\/div>\n<\/div>\n<p><script data-cfasync=\"false\">\n    !function (f, b, e, v, n, t, s) {\n        if (f.fbq) return; n = f.fbq = function () {\n            n.callMethod ?\n                n.callMethod.apply(n, arguments) : n.queue.push(arguments)\n        };\n        if (!f._fbq) f._fbq = n; n.push = n; n.loaded = !0; n.version = '2.0';\n        n.queue = []; t = b.createElement(e); t.async = !0;\n        t.src = v; s = b.getElementsByTagName(e)[0];\n        s.parentNode.insertBefore(t, s)\n    }(window, document, 'script',\n        'https:\/\/connect.facebook.net\/en_US\/fbevents.js');\n    fbq('init', '522546078623747');\n    fbq('track', 'PageView');\n<\/script><br \/>\n<br \/><br \/>\n<br \/><a href=\"https:\/\/www.agrolink.com.br\/noticias\/arrozeiros-reforcam-orientacao-de-manutencao-do-mercado-interno-de-arroz_494899.html\">Source link <\/a><\/p>\n","protected":false},"excerpt":{"rendered":"<p>Momento \u00e9 da classe oriz\u00edcola desprender-se e demonstrar toda sua organiza\u00e7\u00e3o Estimado usu\u00e1rio.Preencha o formul\u00e1rio abaixo para remeter a p\u00e1gina.<\/p>\n","protected":false},"author":1,"featured_media":1513,"comment_status":"open","ping_status":"open","sticky":false,"template":"","format":"standard","meta":{"_monsterinsights_skip_tracking":false,"_monsterinsights_sitenote_active":false,"_monsterinsights_sitenote_note":"","_monsterinsights_sitenote_category":0,"_uf_show_specific_survey":0,"_uf_disable_surveys":false,"footnotes":""},"categories":[8,1,14],"tags":[],"class_list":["post-1512","post","type-post","status-publish","format-standard","has-post-thumbnail","hentry","category-agro","category-news","category-politica-agro"],"_links":{"self":[{"href":"https:\/\/agromt.news\/index.php?rest_route=\/wp\/v2\/posts\/1512"}],"collection":[{"href":"https:\/\/agromt.news\/index.php?rest_route=\/wp\/v2\/posts"}],"about":[{"href":"https:\/\/agromt.news\/index.php?rest_route=\/wp\/v2\/types\/post"}],"author":[{"embeddable":true,"href":"https:\/\/agromt.news\/index.php?rest_route=\/wp\/v2\/users\/1"}],"replies":[{"embeddable":true,"href":"https:\/\/agromt.news\/index.php?rest_route=%2Fwp%2Fv2%2Fcomments&post=1512"}],"version-history":[{"count":0,"href":"https:\/\/agromt.news\/index.php?rest_route=\/wp\/v2\/posts\/1512\/revisions"}],"wp:featuredmedia":[{"embeddable":true,"href":"https:\/\/agromt.news\/index.php?rest_route=\/wp\/v2\/media\/1513"}],"wp:attachment":[{"href":"https:\/\/agromt.news\/index.php?rest_route=%2Fwp%2Fv2%2Fmedia&parent=1512"}],"wp:term":[{"taxonomy":"category","embeddable":true,"href":"https:\/\/agromt.news\/index.php?rest_route=%2Fwp%2Fv2%2Fcategories&post=1512"},{"taxonomy":"post_tag","embeddable":true,"href":"https:\/\/agromt.news\/index.php?rest_route=%2Fwp%2Fv2%2Ftags&post=1512"}],"curies":[{"name":"wp","href":"https:\/\/api.w.org\/{rel}","templated":true}]}}