{"id":15118,"date":"2025-06-16T08:01:10","date_gmt":"2025-06-16T12:01:10","guid":{"rendered":"https:\/\/agromt.news\/?p=15118"},"modified":"2025-06-16T08:01:10","modified_gmt":"2025-06-16T12:01:10","slug":"grupo-de-quilombolas-transforma-fibra-da-banana-em-arte-e-garante-renda-extra","status":"publish","type":"post","link":"https:\/\/agromt.news\/?p=15118","title":{"rendered":"Grupo de quilombolas transforma fibra da banana em arte e garante renda extra"},"content":{"rendered":"<p> <br \/>\n<\/p>\n<div>\n<p>No Vale do Ribeira, interior de S\u00e3o Paulo, grupo de quilombolas encontrara na<a href=\"https:\/\/www.canalrural.com.br\/empreendedorismo\/familia-de-roraima-inova-na-producao-e-transforma-bananas-em-chips\/\"> fibra da banana<\/a> uma nova fonte de renda.\u00a0<\/p>\n<p>Batizado de Mucafre, em homenagem \u00e0 ancestralidade do grupo, eles decidiram buscar apoio do <strong><a href=\"https:\/\/sp.agenciasebrae.com.br\/cultura-empreendedora\/sebrae-transforma-conta-a-historia-de-cleicy-alves-de-brito-vencedora-do-premio-mulher-de-negocios\/\">Sebrae\/SP<\/a><\/strong> para viabilizar um curso especializado na produ\u00e7\u00e3o de fibras e confec\u00e7\u00e3o de pe\u00e7as artesanais.<\/p>\n<p>\u201cA gente queria gerar uma segunda fonte de renda para as mulheres, sem deixar de valorizar nossa cultura\u201d, conta Nat\u00e1lia Cabral Janu\u00e1rio, produtora rural e artes\u00e3.<\/p>\n<h2 class=\"wp-block-heading\" id=\"h-e-nao-e-que-deu-certo\">E n\u00e3o \u00e9 que deu certo? <\/h2>\n<p>O grupo Mucafre ganhou um curso! <\/p>\n<p>\u201cO Sebrae-SP, por meio da parceria com o Senar, atendeu a comunidade com o curso de cinco dias e 40 horas de dura\u00e7\u00e3o. Al\u00e9m de preparar a fibra da bananeira, os alunos aprenderam a confeccionar jogos americanos, suportes para pratos, caixas e outros objetos de decora\u00e7\u00e3o\u201d, explica Carlos Alberto Pereira Junior, analista de neg\u00f3cios do Sebrae\/SP, refor\u00e7ando a import\u00e2ncia da sustentabilidade no trabalho artesanal.\u00a0<\/p>\n<p>\u201cO uso de fibras naturais envolve pr\u00e1ticas que respeitam o meio ambiente e tamb\u00e9m contribui para valorizar os saberes tradicionais, fortalecendo a identidade cultural das comunidades\u201d, afirmou o analista de neg\u00f3cios do Sebrae\/SP.<\/p>\n<p>O\u00a0 que antes era descartado agora virou mat\u00e9ria-prima para confeccionar objetos decorativos, por meio de t\u00e9cnica de reaproveitamento do tronco da bananeira.<\/p>\n<\/div>\n<div>\n<p>\u201cAprendemos todo o processo, desde descascar o tronco, fazer a secagem, at\u00e9 o tratamento qu\u00edmico que prepara a fibra para virar artesanato\u201d, explica a artes\u00e3.<\/p>\n<p>Atualmente, o grupo Mucafre aceita encomendas de cestos e tape\u00e7arias. Os pre\u00e7os variam de R$30 a R$70, dependendo da pe\u00e7a. <\/p>\n<ul class=\"wp-block-list\">\n<li><em>Participe do Porteira Aberta Empreender: envie perguntas, sugest\u00f5es e conte sua hist\u00f3ria de empreendedorismo pelo\u00a0<\/em><a href=\"https:\/\/api.whatsapp.com\/send?phone=5511932796720&amp;PorteiraAbertaEmpreender=SuaMensagem\"><strong>WhatsApp<\/strong><\/a><\/li>\n<\/ul>\n<figure class=\"wp-block-image size-large\"><img fetchpriority=\"high\" decoding=\"async\" width=\"1024\" height=\"576\" alt=\"\" class=\"wp-image-4103221\"  data-lazy- src=\"https:\/\/agromt.news\/wp-content\/uploads\/2025\/06\/Grupo-de-quilombolas-transforma-fibra-da-banana-em-arte-e.jpeg\"\/><img decoding=\"async\" width=\"1024\" height=\"576\" src=\"https:\/\/agromt.news\/wp-content\/uploads\/2025\/06\/Grupo-de-quilombolas-transforma-fibra-da-banana-em-arte-e.jpeg\" alt=\"\" class=\"wp-image-4103221\"  \/><figcaption class=\"wp-element-caption\">Grupo Mucafre aceita encomendas de cestos e tape\u00e7arias. Foto: Arquivo Pessoal<\/figcaption><\/figure>\n<p>\u201cPor enquanto, vendemos mais nas feiras e por encomenda. Mas j\u00e1 estamos planejando criar uma loja virtual e come\u00e7ar a vender pelas redes sociais\u201d, afirma Nat\u00e1lia.\u00a0<\/p>\n<p>A iniciativa alia gera\u00e7\u00e3o de renda, preserva\u00e7\u00e3o ambiental e valoriza\u00e7\u00e3o da cultura quilombola. A expectativa \u00e9 que o projeto inspire outras comunidades da regi\u00e3o.<\/p>\n<p>\u00a0\u201cA gente quer mostrar que \u00e9 poss\u00edvel empreender, gerar renda e, ao mesmo tempo, preservar nossa cultura e o meio ambiente\u201d, finaliza Nat\u00e1lia Cabral Janu\u00e1rio, produtora rural e agora, artes\u00e3.<\/p>\n<\/p><\/div>\n<p><br \/>\n<br \/><a href=\"https:\/\/www.canalrural.com.br\/empreendedorismo\/grupo-de-quilombolas-transforma-fibra-da-banana-em-arte-e-garante-renda-extra\/\">Source link <\/a><\/p>\n","protected":false},"excerpt":{"rendered":"<p>No Vale do Ribeira, interior de S\u00e3o Paulo, grupo de quilombolas encontrara na fibra da banana uma nova fonte de<\/p>\n","protected":false},"author":1,"featured_media":15119,"comment_status":"open","ping_status":"open","sticky":false,"template":"","format":"standard","meta":{"_monsterinsights_skip_tracking":false,"_monsterinsights_sitenote_active":false,"_monsterinsights_sitenote_note":"","_monsterinsights_sitenote_category":0,"_uf_show_specific_survey":0,"_uf_disable_surveys":false,"footnotes":""},"categories":[1],"tags":[],"class_list":["post-15118","post","type-post","status-publish","format-standard","has-post-thumbnail","hentry","category-news"],"_links":{"self":[{"href":"https:\/\/agromt.news\/index.php?rest_route=\/wp\/v2\/posts\/15118"}],"collection":[{"href":"https:\/\/agromt.news\/index.php?rest_route=\/wp\/v2\/posts"}],"about":[{"href":"https:\/\/agromt.news\/index.php?rest_route=\/wp\/v2\/types\/post"}],"author":[{"embeddable":true,"href":"https:\/\/agromt.news\/index.php?rest_route=\/wp\/v2\/users\/1"}],"replies":[{"embeddable":true,"href":"https:\/\/agromt.news\/index.php?rest_route=%2Fwp%2Fv2%2Fcomments&post=15118"}],"version-history":[{"count":0,"href":"https:\/\/agromt.news\/index.php?rest_route=\/wp\/v2\/posts\/15118\/revisions"}],"wp:featuredmedia":[{"embeddable":true,"href":"https:\/\/agromt.news\/index.php?rest_route=\/wp\/v2\/media\/15119"}],"wp:attachment":[{"href":"https:\/\/agromt.news\/index.php?rest_route=%2Fwp%2Fv2%2Fmedia&parent=15118"}],"wp:term":[{"taxonomy":"category","embeddable":true,"href":"https:\/\/agromt.news\/index.php?rest_route=%2Fwp%2Fv2%2Fcategories&post=15118"},{"taxonomy":"post_tag","embeddable":true,"href":"https:\/\/agromt.news\/index.php?rest_route=%2Fwp%2Fv2%2Ftags&post=15118"}],"curies":[{"name":"wp","href":"https:\/\/api.w.org\/{rel}","templated":true}]}}