{"id":15115,"date":"2025-06-15T18:45:06","date_gmt":"2025-06-15T22:45:06","guid":{"rendered":"https:\/\/agromt.news\/?p=15115"},"modified":"2025-06-15T18:45:06","modified_gmt":"2025-06-15T22:45:06","slug":"recordes-nos-embarques-de-carne-e-nos-abates-de-femeas-ditarao-os-precos-do-boi-gordo","status":"publish","type":"post","link":"https:\/\/agromt.news\/?p=15115","title":{"rendered":"Recordes nos embarques de carne e nos abates de f\u00eameas ditar\u00e3o os pre\u00e7os do boi gordo"},"content":{"rendered":"<p> <br \/>\n<\/p>\n<div>\n<p>O mercado f\u00edsico do boi gordo apresentou cota\u00e7\u00f5es de est\u00e1veis a mais altas no Brasil durante a semana. <\/p>\n<p>O analista de Safras &amp; Mercado Fernando Iglesias ressaltou que a boa demanda voltada \u00e0 exporta\u00e7\u00e3o e a oferta limitada de animais jovens, especialmente para atender ao mercado chin\u00eas, contribu\u00edram para sustentar as cota\u00e7\u00f5es.<\/p>\n<p>Segundo ele, as escalas de abate seguem posicionadas entre cinco e sete dias \u00fateis na m\u00e9dia nacional e, em algumas pra\u00e7as, a arroba foi negociada acima da refer\u00eancia m\u00e9dia.<\/p>\n<p>O analista comenta que as exporta\u00e7\u00f5es de carne bovina seguem como a grande vari\u00e1vel, com o pa\u00eds caminhando a passos largos para atingir volumes recordes neste ano.<\/p>\n<h2 class=\"wp-block-heading\" id=\"h-recorde-de-participacao-de-femeas\">Recorde de participa\u00e7\u00e3o de f\u00eameas<\/h2>\n<p>O coordenador da equipe de intelig\u00eancia de mercado da Scot Consultoria, Felipe Fabbri, ressalta que a pesquisa do <strong><a href=\"https:\/\/www.canalrural.com.br\/tag\/ibge\/\">IBGE<\/a><\/strong> que divulgou os dados consolidados de abate de bovinos no primeiro trimestre do ano deve ser o destaque do mercado nos pr\u00f3ximos meses. <\/p>\n<p>\u201cEsse levantamento mostrou a maior participa\u00e7\u00e3o de f\u00eameas da hist\u00f3ria da pecu\u00e1ria brasileira em um trimestre, com 49% de f\u00eameas indo para gancho, com um volume de novilhas tamb\u00e9m em maior n\u00edvel, ou seja, h\u00e1 muita oferta de f\u00eameas e isso deve influenciar o mercado quando esse n\u00famero come\u00e7ar a \u2018enxugar&#8217;\u201d, conta. <\/p>\n<p>Segundo ele, isso j\u00e1 come\u00e7ou a acontecer em maio, com uma participa\u00e7\u00e3o menor de f\u00eameas, considerando os abates Sif, tend\u00eancia que continua em junho. \u201cEm nossa concep\u00e7\u00e3o, o excedente de f\u00eameas j\u00e1 foi liquidado no mercado para os pr\u00f3ximos meses, ent\u00e3o a expectativa \u00e9 para um mercado mais acomodado, o que sustenta as cota\u00e7\u00f5es do boi gordo.\u201d<\/p>\n<p>Para Fabbri, pensando no escoamento de carne na segunda quinzena de junho, o cen\u00e1rio ainda \u00e9 favor\u00e1vel, observando que no mercado acadista de carne com osso e sem osso os patamares continuam firmes, com ajustes pontuais ao longo da cadeia, mas sem derretimento, o que mostra que o consumo dom\u00e9stico tem conseguido absorver a oferta.<\/p>\n<\/div>\n<div>\n<p>\u201cNas pr\u00f3ximas semanas, o cen\u00e1rio para as cota\u00e7\u00f5es \u00e9 de muito mais estabilidade, com poucos ajustes pontuais, talvez para baixo por conta do impacto maior de oferta de boiadas pela frente fria e mais gado confinado chegando junto \u00e0s unidades frigor\u00edficas somado a um arrefecimento de demanda interna.\u201d<\/p>\n<h2 class=\"wp-block-heading\" id=\"h-variacao-de-precos-da-arroba-do-boi\">Varia\u00e7\u00e3o de pre\u00e7os da arroba do boi<\/h2>\n<pre class=\"wp-block-code\"><code>Os pre\u00e7os da arroba do boi gordo na modalidade a prazo nas principais pra\u00e7as de comercializa\u00e7\u00e3o do Brasil estavam assim no dia 12 de junho:<\/code><\/pre>\n<ul class=\"wp-block-list\">\n<li><strong>S\u00e3o Paulo (Capital):<\/strong> R$ 320, est\u00e1vel frente \u00e0 semana passada<\/li>\n<li><strong>Goi\u00e1s (Goi\u00e2nia):<\/strong> R$ 305 a arroba, avan\u00e7o de 3,39% perante os R$ 295 registrados na semana passada<\/li>\n<li><strong>Minas Gerais (Uberaba):<\/strong> R$ 300, aumento de 1,69% frente aos R$ 295 praticados no fechamento da semana anterior<\/li>\n<li><strong>Mato Grosso do Sul (Dourados):<\/strong> R$ 315, inalterado frente \u00e0 \u00faltima semana<\/li>\n<li><strong>Mato Grosso (Cuiab\u00e1):<\/strong> R$ 315, alta de 1,61% frente aos R$ 310 da semana passada<\/li>\n<li><strong>Rond\u00f4nia (Vilhena):<\/strong> R$ 275, aumento de 1,85% frente aos R$ 270 praticados na semana anterior<\/li>\n<\/ul>\n<h2 class=\"wp-block-heading\" id=\"h-mercado-atacadista\">Mercado atacadista<\/h2>\n<p>O mercado atacadista registrou pre\u00e7os em alta durante a semana, levando em conta a entrada dos sal\u00e1rios na economia como motivador da reposi\u00e7\u00e3o entre atacado e varejo.<\/p>\n<p>Segundo Iglesias, ainda h\u00e1 uma certa preocupa\u00e7\u00e3o com a queda de pre\u00e7os verificada para a carne de frango no atacado e que ainda pode respingar no varejo, limitando a demanda por carne bovina.<\/p>\n<p>O quarto do traseiro do boi foi cotado a R$ 24,50 o quilo, alta de 6,52% frente aos R$ 23,00 da semana passada. J\u00e1 o quarto do dianteiro do boi foi vendido por R$ 19,50 o quilo, aumento de 5,41% frente aos R$ 18,50 registrados na semana anterior.<\/p>\n<h2 class=\"wp-block-heading\" id=\"h-exportacoes-de-carne-bovina\">Exporta\u00e7\u00f5es de carne bovina<\/h2>\n<figure class=\"wp-block-image size-large\"><img fetchpriority=\"high\" decoding=\"async\" width=\"640\" height=\"427\" alt=\"abate, carne bovina, frigor\u00edficos, carnes - abates\" class=\"wp-image-2737844\" src=\"https:\/\/agromt.news\/wp-content\/uploads\/2024\/09\/Precos-da-arroba-do-boi-passaram-de-250-reais-na.jpeg\"\/><img decoding=\"async\" width=\"640\" height=\"427\" src=\"https:\/\/agromt.news\/wp-content\/uploads\/2024\/09\/Precos-da-arroba-do-boi-passaram-de-250-reais-na.jpeg\" alt=\"abate, carne bovina, frigor\u00edficos, carnes - abates\" class=\"wp-image-2737844\"\/><figcaption class=\"wp-element-caption\">Foto: Minist\u00e9rio da Agricultura<\/figcaption><\/figure>\n<p>As exporta\u00e7\u00f5es de carne bovina fresca, congelada ou refrigerada do Brasil renderam US$ 344,709 milh\u00f5es em junho (5 dias \u00fateis), com m\u00e9dia di\u00e1ria de US$ 68,942 milh\u00f5es, de acordo com a Secretaria de Com\u00e9rcio Exterior (Secex). <\/p>\n<p>A quantidade total exportada pelo pa\u00eds chegou a 64,225 mil toneladas, com m\u00e9dia di\u00e1ria de 12,845 mil toneladas. O pre\u00e7o m\u00e9dio da tonelada ficou em US$ 5.367,20.<\/p>\n<p>Em rela\u00e7\u00e3o a junho de 2024, houve alta de 60,4% no valor m\u00e9dio di\u00e1rio da exporta\u00e7\u00e3o, ganho de 33,5% na quantidade m\u00e9dia di\u00e1ria exportada e avan\u00e7o de 20,2% no pre\u00e7o m\u00e9dio.<\/p>\n<p><em>*Com informa\u00e7\u00f5es da Safras News<\/em><\/p>\n<\/p><\/div>\n<p><br \/>\n<br \/><a href=\"https:\/\/www.canalrural.com.br\/pecuaria\/recordes-nos-embarques-de-carne-e-nos-abates-de-femeas-ditarao-os-precos-do-boi-gordo\/\">Source link <\/a><\/p>\n","protected":false},"excerpt":{"rendered":"<p>O mercado f\u00edsico do boi gordo apresentou cota\u00e7\u00f5es de est\u00e1veis a mais altas no Brasil durante a semana. O analista<\/p>\n","protected":false},"author":1,"featured_media":10289,"comment_status":"open","ping_status":"open","sticky":false,"template":"","format":"standard","meta":{"_monsterinsights_skip_tracking":false,"_monsterinsights_sitenote_active":false,"_monsterinsights_sitenote_note":"","_monsterinsights_sitenote_category":0,"_uf_show_specific_survey":0,"_uf_disable_surveys":false,"footnotes":""},"categories":[1],"tags":[],"class_list":["post-15115","post","type-post","status-publish","format-standard","has-post-thumbnail","hentry","category-news"],"_links":{"self":[{"href":"https:\/\/agromt.news\/index.php?rest_route=\/wp\/v2\/posts\/15115"}],"collection":[{"href":"https:\/\/agromt.news\/index.php?rest_route=\/wp\/v2\/posts"}],"about":[{"href":"https:\/\/agromt.news\/index.php?rest_route=\/wp\/v2\/types\/post"}],"author":[{"embeddable":true,"href":"https:\/\/agromt.news\/index.php?rest_route=\/wp\/v2\/users\/1"}],"replies":[{"embeddable":true,"href":"https:\/\/agromt.news\/index.php?rest_route=%2Fwp%2Fv2%2Fcomments&post=15115"}],"version-history":[{"count":0,"href":"https:\/\/agromt.news\/index.php?rest_route=\/wp\/v2\/posts\/15115\/revisions"}],"wp:featuredmedia":[{"embeddable":true,"href":"https:\/\/agromt.news\/index.php?rest_route=\/wp\/v2\/media\/10289"}],"wp:attachment":[{"href":"https:\/\/agromt.news\/index.php?rest_route=%2Fwp%2Fv2%2Fmedia&parent=15115"}],"wp:term":[{"taxonomy":"category","embeddable":true,"href":"https:\/\/agromt.news\/index.php?rest_route=%2Fwp%2Fv2%2Fcategories&post=15115"},{"taxonomy":"post_tag","embeddable":true,"href":"https:\/\/agromt.news\/index.php?rest_route=%2Fwp%2Fv2%2Ftags&post=15115"}],"curies":[{"name":"wp","href":"https:\/\/api.w.org\/{rel}","templated":true}]}}