{"id":15110,"date":"2025-06-15T16:33:03","date_gmt":"2025-06-15T20:33:03","guid":{"rendered":"https:\/\/agromt.news\/?p=15110"},"modified":"2025-06-15T16:33:03","modified_gmt":"2025-06-15T20:33:03","slug":"preco-do-clorantraniliprole-sobe-30","status":"publish","type":"post","link":"https:\/\/agromt.news\/?p=15110","title":{"rendered":"Pre\u00e7o do clorantraniliprole sobe 30%"},"content":{"rendered":"<p> <br \/>\n<\/p>\n<div>\n<div class=\"row\">\n<div class=\"col-lg col-infos mt-0 mt-lg-0\">\n<div class=\"section-sub-title\">\n<p itemprop=\"description\">&#13;<br \/>\n                                A curva de pre\u00e7os reflete bem o abalo na oferta&#13;\n                            <\/p>\n<\/p><\/div>\n<div class=\"container\">\n<div class=\"row\">\n<div class=\"col-lg p-0\">\n<div>\n<div class=\"block-news-main-infos mt-3 text-start\">\n<p>                                            <strong class=\"fn\" itemprop=\"author\" style=\"color: rgb(112, 112, 112); \">&#13;<br \/>\n                                                <a href=\"https:\/\/www.agrolink.com.br\/noticias\/javascript:;\" class=\"text-uppercase\" target=\"_blank\" style=\"color: rgb(112, 112, 112); \" rel=\"noopener\">Agrolink<\/a>&#13;<br \/>\n&#13;<br \/>\n                                                    &#8211; Leonardo Gottems&#13;<br \/>\n&#13;<br \/>\n                                            <\/strong><br \/>\n                                        <\/p>\n<p>                                            <abbr><time datetime=\"2025-06-14T11:22\" itemprop=\"datePublished dateModified\">Publicado em 14\/06\/2025 \u00e0s 11:22h.<\/time><\/abbr><br \/>\n                                            <\/p><\/div>\n<\/p><\/div>\n<\/p><\/div>\n<div class=\"col-lg p-0 text-lg-end\">\n<div>\n<div id=\"mdEnviarPagina\" class=\"modal fade\" role=\"dialog\">\n<div class=\"modal-dialog\">\n<div class=\"modal-content\">\n<div class=\"modal-body\">\n<p><strong>Estimado usu\u00e1rio.<\/strong><br \/>Preencha o formul\u00e1rio abaixo para remeter a p\u00e1gina.<\/p>\n<\/p><\/div>\n<\/p><\/div>\n<\/p><\/div>\n<\/div><\/div>\n<\/p><\/div>\n<\/p><\/div>\n<\/p><\/div>\n<\/p><\/div>\n<\/p><\/div>\n<div class=\"row justify-content-md-center mt-3\">\n<div class=\"col-lg-auto col-image block-news-main-image\">\n<p>                                <img decoding=\"async\" src=\"https:\/\/www.agrolink.com.br\/upload\/imagens-resizes\/9208425445f24fa79039be7f4c514abf_858x483.jpg\" class=\"lazyload img-fluid\" alt=\"A curva de pre\u00e7os reflete bem o abalo na oferta\"\/><br \/>\n                                                <span class=\"d-block mt-1\">A curva de pre\u00e7os reflete bem o abalo na oferta &#8211; Foto: Pixabay<\/span><\/p><\/div>\n<\/p><\/div>\n<div class=\"section-description section-description-noticias mt-3\">\n<p>Com base nas informa\u00e7\u00f5es de Jeferson Souza, analista de intelig\u00eancia de mercado da Agrinvest Commodities, a recente disparada nos pre\u00e7os do clorantraniliprole tem origem em um incidente de grandes propor\u00e7\u00f5es ocorrido no final de maio na f\u00e1brica da Youdao Chemical, na China. O epis\u00f3dio, que ocorreu h\u00e1 menos de 20 dias, gerou incertezas no mercado de defensivos, elevando os pre\u00e7os da subst\u00e2ncia em quase 30% nas \u00faltimas duas semanas. Embora inicialmente tenha havido especula\u00e7\u00e3o de impacto na produ\u00e7\u00e3o de clorpirif\u00f3s, isso n\u00e3o se confirmou, j\u00e1 que\u00a0o foco real est\u00e1 no clorantraniliprole.&#13;\n<\/p>\n<p>A curva de pre\u00e7os reflete bem o abalo na oferta: as cota\u00e7\u00f5es na China saltaram de cerca de US\\$ 30\/kg para US\\$ 39,70\/kg, segundo dados da Agrinvest. Paralelamente, o glifosato tamb\u00e9m apresentou leve valoriza\u00e7\u00e3o no mercado chin\u00eas, mostrando que o setor de defensivos agr\u00edcolas est\u00e1 atento a poss\u00edveis desdobramentos de oferta e demanda.<\/p>\n<p>No Brasil, o cen\u00e1rio exige cautela. At\u00e9 o dia 15 de maio, aproximadamente 38% das compras de defensivos para a safra 2025\/26 j\u00e1 estavam conclu\u00eddas, mas ainda restam entre 55% e 60% das aquisi\u00e7\u00f5es de produtos para a soja em aberto. Essa lacuna, somada ao recente aumento de pre\u00e7os, torna o momento estrat\u00e9gico para o planejamento e negocia\u00e7\u00e3o por parte dos produtores.&#13;\n<\/p>\n<p>Segundo Jeferson Souza, que segue em rota pelo Mato Grosso para acompanhar o mercado de perto, \u00e9 essencial que agricultores e parceiros revisem seus cronogramas de compra. A volatilidade atual \u00e9 um alerta de que fatores inesperados podem influenciar significativamente os custos de produ\u00e7\u00e3o nas pr\u00f3ximas safras.<\/p>\n<p>\u201cNo mercado brasileiro, ainda temos por volta de 55-60% das aquisi\u00e7\u00f5es de defensivos para a soja 2025\/26 em aberto. Sem d\u00favida, \u00e9 um momento crucial para os planejamentos da pr\u00f3xima safra. \u00a0Estou a caminho do Mato Grosso para mais uma rodada pelo gigante do agro brasileiro\u201d, comenta.<br \/>&#13;<br \/>\n\u00a0&#13;\n<\/p>\n<\/p><\/div>\n<\/p><\/div>\n<p><script data-cfasync=\"false\">\n    !function (f, b, e, v, n, t, s) {\n        if (f.fbq) return; n = f.fbq = function () {\n            n.callMethod ?\n                n.callMethod.apply(n, arguments) : n.queue.push(arguments)\n        };\n        if (!f._fbq) f._fbq = n; n.push = n; n.loaded = !0; n.version = '2.0';\n        n.queue = []; t = b.createElement(e); t.async = !0;\n        t.src = v; s = b.getElementsByTagName(e)[0];\n        s.parentNode.insertBefore(t, s)\n    }(window, document, 'script',\n        'https:\/\/connect.facebook.net\/en_US\/fbevents.js');\n    fbq('init', '522546078623747');\n    fbq('track', 'PageView');\n<\/script><br \/>\n<br \/><br \/>\n<br \/><a href=\"https:\/\/www.agrolink.com.br\/noticias\/preco-do-clorantraniliprole-sobe-30-_502920.html\">Source link <\/a><\/p>\n","protected":false},"excerpt":{"rendered":"<p>&#13; A curva de pre\u00e7os reflete bem o abalo na oferta&#13; &#13; Agrolink&#13; &#13; &#8211; Leonardo Gottems&#13; &#13; Publicado em<\/p>\n","protected":false},"author":1,"featured_media":7563,"comment_status":"open","ping_status":"open","sticky":false,"template":"","format":"standard","meta":{"_monsterinsights_skip_tracking":false,"_monsterinsights_sitenote_active":false,"_monsterinsights_sitenote_note":"","_monsterinsights_sitenote_category":0,"_uf_show_specific_survey":0,"_uf_disable_surveys":false,"footnotes":""},"categories":[8,1,14],"tags":[],"class_list":["post-15110","post","type-post","status-publish","format-standard","has-post-thumbnail","hentry","category-agro","category-news","category-politica-agro"],"_links":{"self":[{"href":"https:\/\/agromt.news\/index.php?rest_route=\/wp\/v2\/posts\/15110"}],"collection":[{"href":"https:\/\/agromt.news\/index.php?rest_route=\/wp\/v2\/posts"}],"about":[{"href":"https:\/\/agromt.news\/index.php?rest_route=\/wp\/v2\/types\/post"}],"author":[{"embeddable":true,"href":"https:\/\/agromt.news\/index.php?rest_route=\/wp\/v2\/users\/1"}],"replies":[{"embeddable":true,"href":"https:\/\/agromt.news\/index.php?rest_route=%2Fwp%2Fv2%2Fcomments&post=15110"}],"version-history":[{"count":0,"href":"https:\/\/agromt.news\/index.php?rest_route=\/wp\/v2\/posts\/15110\/revisions"}],"wp:featuredmedia":[{"embeddable":true,"href":"https:\/\/agromt.news\/index.php?rest_route=\/wp\/v2\/media\/7563"}],"wp:attachment":[{"href":"https:\/\/agromt.news\/index.php?rest_route=%2Fwp%2Fv2%2Fmedia&parent=15110"}],"wp:term":[{"taxonomy":"category","embeddable":true,"href":"https:\/\/agromt.news\/index.php?rest_route=%2Fwp%2Fv2%2Fcategories&post=15110"},{"taxonomy":"post_tag","embeddable":true,"href":"https:\/\/agromt.news\/index.php?rest_route=%2Fwp%2Fv2%2Ftags&post=15110"}],"curies":[{"name":"wp","href":"https:\/\/api.w.org\/{rel}","templated":true}]}}