{"id":15106,"date":"2025-06-15T13:05:44","date_gmt":"2025-06-15T17:05:44","guid":{"rendered":"https:\/\/agromt.news\/?p=15106"},"modified":"2025-06-15T13:05:44","modified_gmt":"2025-06-15T17:05:44","slug":"confira-a-previsao-do-tempo-para-a-semana-2","status":"publish","type":"post","link":"https:\/\/agromt.news\/?p=15106","title":{"rendered":"confira a previs\u00e3o do tempo para a semana"},"content":{"rendered":"<p> <br \/>\n<br \/><img decoding=\"async\" src=\"https:\/\/agromt.news\/wp-content\/uploads\/2024\/11\/rain-4421893_1280.jpg\" \/><\/p>\n<div>\n<p>Temporais, granizo, chuva acumulada de at\u00e9 200 mm e tempo seco com risco de inc\u00eandios marcam a semana. Confira a previs\u00e3o entre esta segunda (16) e a sexta (20) para todo o Brasil:<\/p>\n<div data-icp-cta=\"1\" id=\"icp-cta-unique\">Voc\u00ea quer entender como usar o clima a seu favor?<b> <\/b><a href=\"https:\/\/climacampo.canalrural.com.br\/climacampo_-01\">Preparamos um e-book exclusivo<\/a> para ajudar produtores rurais a se antecipar \u00e0s mudan\u00e7as do tempo e planejar melhor suas a\u00e7\u00f5es. Com base em previs\u00f5es meteorol\u00f3gicas confi\u00e1veis, ele oferece orienta\u00e7\u00f5es pr\u00e1ticas para proteger sua lavoura e otimizar seus resultados.<\/div>\n<h2 class=\"wp-block-heading\" id=\"h-sul\">Sul<\/h2>\n<p>Novas instabilidades mant\u00e9m o tempo carregado sobre o centro-norte, noroeste e a Serra do <strong><a href=\"https:\/\/www.canalrural.com.br\/nacional\/rio-grande-do-sul\/\">Rio Grande do Sul<\/a><\/strong> com risco alto para temporais e ventos fortes. Pode chover a qualquer momento no oeste e sudoeste de Santa Catarina e do Paran\u00e1, enquanto permanece firme no leste e norte paranaense. Risco de tempo severo persiste ao menos at\u00e9 quarta-feira (18) no territ\u00f3rio ga\u00facho e oeste de catarinense com chuva forte, queda de granizo e rajadas de vento acima de <strong>100km\/h<\/strong>, com risco de desabastecimento de energia el\u00e9trica. <\/p>\n<p>Aten\u00e7\u00e3o para o alto volume de chuva nos pr\u00f3ximos dias no Rio Grande do Sul, com acumulados entre <strong>150 mm e 200 mm<\/strong>, trazendo riscos de alagamentos e deslizamentos de terra. Em Santa Catarina, a chuva da semana fica entre 50 mm e 100 mm. J\u00e1 no Paran\u00e1, precipita\u00e7\u00f5es apenas na por\u00e7\u00e3o sul do estado, com volumes entre 30 mm e 40 mm.<\/p>\n<h2 class=\"wp-block-heading\" id=\"h-sudeste\">Sudeste<\/h2>\n<p>Pouca chuva apenas no litoral do Esp\u00edrito Santo. Nas demais \u00e1reas do Sudeste, o tempo volta a ficar firme, apesar das baixas temperaturas ao amanhecer. Contudo, as tardes j\u00e1 voltam a ter temperaturas m\u00e1ximas mais elevadas, com sensa\u00e7\u00e3o de calor em S\u00e3o Paulo e no Rio de Janeiro. <\/p>\n<p>Aten\u00e7\u00e3o para eleva\u00e7\u00e3o da temperatura m\u00e1xima no interior paulista e no tri\u00e2ngulo mineiro, \u00e1reas onde os term\u00f4metros podem atingir at\u00e9 <strong>35\u00baC<\/strong>. Chuva fraca somente entre ter\u00e7a (17) e quarta (18) no Esp\u00edrito Santo, com acumulados entre 5 mm e 10 mm.<\/p>\n<h2 class=\"wp-block-heading\" id=\"h-centro-oeste\">Centro-Oeste<\/h2>\n<p>Pancadas mais isoladas no extremo oeste, sudoeste e sul de Mato Grosso do Sul e no oeste e noroeste de Mato Grosso devido \u00e0 entrada de um pouco mais de umidade. As capitais Cuiab\u00e1 e Campo Grande come\u00e7am a semana sem previs\u00e3o de chuva e com temperaturas mais elevadas. O ar seco continua na regi\u00e3o do Distrito Federal e em todo o estado de Goi\u00e1s, com uma segunda-feira (16) de muito sol e calor. <\/p>\n<\/div>\n<div>\n<p>Semana de tempo firme em praticamente todas as \u00e1reas produtoras. Aten\u00e7\u00e3o para eleva\u00e7\u00e3o da temperatura m\u00e1xima nos tr\u00eas estados da Regi\u00e3o: nos pr\u00f3ximos dias, os term\u00f4metros podem chegar aos <strong>37\u00baC<\/strong>, potencializando o risco para focos de inc\u00eandio. A umidade relativa do ar ao longo da semana deve ficar abaixo dos <strong>30%<\/strong>.<\/p>\n<h2 class=\"wp-block-heading\" id=\"h-nordeste\">Nordeste<\/h2>\n<p>Os temporais ainda s\u00e3o destaques no litoral do Sergipe e de Alagoas. A chuva come\u00e7a a aumentar no Recife. Na segunda-feira (16), a capital pernambucana ter\u00e1 tempo carregado e inst\u00e1vel, com potencial de temporais. Risco de pancadas fortes a qualquer momento tamb\u00e9m em Salvador, Bahia. O ar deve continuar mais seco entre o sul do Maranh\u00e3o, no Piau\u00ed e no oeste baiano. <\/p>\n<p>A umidade da semana fica concentrada no leste da Bahia, em Sergipe, Alagoas e litoral de Pernambuco, com volumes de chuva entre <strong>40 mm e 80 mm<\/strong>. As precipita\u00e7\u00f5es tamb\u00e9m avan\u00e7am para o Cear\u00e1, Rio Grande do Norte, interior de Pernambuco e no Par\u00e1, mas com acumulados que n\u00e3o devem ultrapassar os 10 mm. <\/p>\n<p>No Maranh\u00e3o, chuva significativa somente no noroeste, com at\u00e9 40 mm, enquanto no centro-sul do estado e no Piau\u00ed, aten\u00e7\u00e3o para o calor com a temperatura m\u00e1xima chegando a <strong>35\u00baC<\/strong> e umidade relativa do ar abaixo de 30%. Elevado risco para a propaga\u00e7\u00e3o de focos de inc\u00eandio.<\/p>\n<h2 class=\"wp-block-heading\" id=\"h-norte\">Norte<\/h2>\n<p>Temporais entre Acre, Amazonas e Roraima. Nesses estados, a semana come\u00e7a com dia abafado e predom\u00ednio de muitas nuvens, al\u00e9m de pancadas de chuva que podem ocorrer a qualquer momento, com alto risco para transtornos. O tempo continua firme e extremamente seco entre o sul do Par\u00e1 e o estado do Tocantins. <\/p>\n<p>Chove com forte intensidade no norte de Rond\u00f4nia e no Amap\u00e1. Semana de tempo quente e seco em Rond\u00f4nia, sul do Par\u00e1 e Tocantins, com a temperatura m\u00e1xima voltando para o patamar dos 37\u00baC, o que potencializa o risco para focos de inc\u00eandio. A umidade relativa do ar ao longo da semana deve ficar abaixo dos <strong>30% <\/strong>durante o dia. No Acre, os pr\u00f3ximos dias ser\u00e3o de chuva que deve girar em torno de 20 mm. J\u00e1 no centro-norte do Amazonas, em Roraima, no norte do Par\u00e1 e no Amap\u00e1, o volume esperado fica em torno dos <strong>50 mm a 70 mm.<\/strong><\/p>\n<\/p><\/div>\n<p><br \/>\n<br \/><a href=\"https:\/\/www.canalrural.com.br\/tempo\/chuva-de-200-mm-e-queda-de-granizo-confira-a-previsao-do-tempo-para-a-semana\/\">Source link <\/a><\/p>\n","protected":false},"excerpt":{"rendered":"<p>Temporais, granizo, chuva acumulada de at\u00e9 200 mm e tempo seco com risco de inc\u00eandios marcam a semana. Confira a<\/p>\n","protected":false},"author":1,"featured_media":4822,"comment_status":"open","ping_status":"open","sticky":false,"template":"","format":"standard","meta":{"_monsterinsights_skip_tracking":false,"_monsterinsights_sitenote_active":false,"_monsterinsights_sitenote_note":"","_monsterinsights_sitenote_category":0,"_uf_show_specific_survey":0,"_uf_disable_surveys":false,"footnotes":""},"categories":[1],"tags":[],"class_list":["post-15106","post","type-post","status-publish","format-standard","has-post-thumbnail","hentry","category-news"],"_links":{"self":[{"href":"https:\/\/agromt.news\/index.php?rest_route=\/wp\/v2\/posts\/15106"}],"collection":[{"href":"https:\/\/agromt.news\/index.php?rest_route=\/wp\/v2\/posts"}],"about":[{"href":"https:\/\/agromt.news\/index.php?rest_route=\/wp\/v2\/types\/post"}],"author":[{"embeddable":true,"href":"https:\/\/agromt.news\/index.php?rest_route=\/wp\/v2\/users\/1"}],"replies":[{"embeddable":true,"href":"https:\/\/agromt.news\/index.php?rest_route=%2Fwp%2Fv2%2Fcomments&post=15106"}],"version-history":[{"count":0,"href":"https:\/\/agromt.news\/index.php?rest_route=\/wp\/v2\/posts\/15106\/revisions"}],"wp:featuredmedia":[{"embeddable":true,"href":"https:\/\/agromt.news\/index.php?rest_route=\/wp\/v2\/media\/4822"}],"wp:attachment":[{"href":"https:\/\/agromt.news\/index.php?rest_route=%2Fwp%2Fv2%2Fmedia&parent=15106"}],"wp:term":[{"taxonomy":"category","embeddable":true,"href":"https:\/\/agromt.news\/index.php?rest_route=%2Fwp%2Fv2%2Fcategories&post=15106"},{"taxonomy":"post_tag","embeddable":true,"href":"https:\/\/agromt.news\/index.php?rest_route=%2Fwp%2Fv2%2Ftags&post=15106"}],"curies":[{"name":"wp","href":"https:\/\/api.w.org\/{rel}","templated":true}]}}