{"id":15092,"date":"2025-06-15T00:57:18","date_gmt":"2025-06-15T04:57:18","guid":{"rendered":"https:\/\/agromt.news\/?p=15092"},"modified":"2025-06-15T00:57:18","modified_gmt":"2025-06-15T04:57:18","slug":"mercado-global-de-avioes-deve-gerar-us-680-bi","status":"publish","type":"post","link":"https:\/\/agromt.news\/?p=15092","title":{"rendered":"Mercado global de avi\u00f5es deve gerar US$ 680 bi"},"content":{"rendered":"<p> <br \/>\n<\/p>\n<div>\n<p>A Embraer divulgou, em 12 de junho de 2025, suas novas Perspectivas do Mercado Global de Aeronaves Comerciais (Market Outlook 2025), estimando uma demanda de 10.500 jatos e turbo\u00e9lices de at\u00e9 150 assentos nos pr\u00f3ximos 20 anos, com pedidos avaliados em US\\$ 680 bilh\u00f5es (Fonte: Embraer). O relat\u00f3rio foi lan\u00e7ado na v\u00e9spera do Paris Air Show, trazendo an\u00e1lises detalhadas por regi\u00e3o e uma abordagem in\u00e9dita sobre o mercado chin\u00eas, que ganha destaque como motor de crescimento do setor.&#13;\n<\/p>\n<p>Segundo o estudo, o tr\u00e1fego global de passageiros, medido por receitas por passageiros por quil\u00f4metro (RPK), dever\u00e1 crescer 3,9% ao ano at\u00e9 2044, com a China liderando esse avan\u00e7o, seguida por Am\u00e9rica Latina, \u00c1frica e Oriente M\u00e9dio. Juntas, \u00c1sia-Pac\u00edfico, Europa e Am\u00e9rica do Norte concentrar\u00e3o 76% da RPK global ao final do per\u00edodo. O documento refor\u00e7a a tend\u00eancia de frotas mistas, combinando aeronaves de diferentes capacidades para atender \u00e0 demanda regional e estrat\u00e9gias de autonomia dos pa\u00edses.<\/p>\n<p>Em termos de entregas, a Am\u00e9rica do Norte ser\u00e1 respons\u00e1vel por 30,7% dos 8.720 jatos previstos, seguida por Europa\/CIS (22,8%) e China (17,2%). Para os 1.780 turbo\u00e9lices, o destaque fica com a \u00c1sia-Pac\u00edfico, que responder\u00e1 por 36% das entregas, al\u00e9m de participa\u00e7\u00f5es relevantes de Am\u00e9rica do Norte, Europa e \u00c1frica.&#13;\n<\/p>\n<p>\u201cMuitas das mudan\u00e7as estruturais desencadeadas pela pandemia provaram ser bastante duradouras cinco anos ap\u00f3s o seu in\u00edcio. Em nosso primeiro Market Outlook p\u00f3s-pandemia, destacamos a transi\u00e7\u00e3o da globaliza\u00e7\u00e3o para uma perspectiva geopol\u00edtica mais polarizada. Hoje, \u00e0 medida que pa\u00edses e regi\u00f5es buscam maior autonomia estrat\u00e9gica, a demanda por acesso regional continuar\u00e1 a crescer. Acreditamos que frotas mistas que combinem aeronaves narrowbody de menor e maior porte s\u00e3o essenciais para esse crescimento de longo prazo. Frotas mistas fornecem a versatilidade necess\u00e1ria para que a capacidade se adeque melhor \u00e0 demanda, para a expans\u00e3o de malhas a\u00e9reas e para o apoio dos objetivos de desenvolvimento nacional e regional,\u201d afirma Arjan Meijer, presidente e CEO da Embraer.<br \/>&#13;<br \/>\n\u00a0<\/p>\n<\/p><\/div>\n<p><script data-cfasync=\"false\">\n    !function (f, b, e, v, n, t, s) {\n        if (f.fbq) return; n = f.fbq = function () {\n            n.callMethod ?\n                n.callMethod.apply(n, arguments) : n.queue.push(arguments)\n        };\n        if (!f._fbq) f._fbq = n; n.push = n; n.loaded = !0; n.version = '2.0';\n        n.queue = []; t = b.createElement(e); t.async = !0;\n        t.src = v; s = b.getElementsByTagName(e)[0];\n        s.parentNode.insertBefore(t, s)\n    }(window, document, 'script',\n        'https:\/\/connect.facebook.net\/en_US\/fbevents.js');\n    fbq('init', '522546078623747');\n    fbq('track', 'PageView');\n<\/script><br \/>\n<br \/><br \/>\n<br \/><a href=\"https:\/\/www.agrolink.com.br\/noticias\/mercado-global-de-avioes-deve-gerar-us--680-bi_502912.html\">Source link <\/a><\/p>\n","protected":false},"excerpt":{"rendered":"<p>A Embraer divulgou, em 12 de junho de 2025, suas novas Perspectivas do Mercado Global de Aeronaves Comerciais (Market Outlook<\/p>\n","protected":false},"author":1,"featured_media":9155,"comment_status":"open","ping_status":"open","sticky":false,"template":"","format":"standard","meta":{"_monsterinsights_skip_tracking":false,"_monsterinsights_sitenote_active":false,"_monsterinsights_sitenote_note":"","_monsterinsights_sitenote_category":0,"_uf_show_specific_survey":0,"_uf_disable_surveys":false,"footnotes":""},"categories":[8,1,14],"tags":[],"class_list":["post-15092","post","type-post","status-publish","format-standard","has-post-thumbnail","hentry","category-agro","category-news","category-politica-agro"],"_links":{"self":[{"href":"https:\/\/agromt.news\/index.php?rest_route=\/wp\/v2\/posts\/15092"}],"collection":[{"href":"https:\/\/agromt.news\/index.php?rest_route=\/wp\/v2\/posts"}],"about":[{"href":"https:\/\/agromt.news\/index.php?rest_route=\/wp\/v2\/types\/post"}],"author":[{"embeddable":true,"href":"https:\/\/agromt.news\/index.php?rest_route=\/wp\/v2\/users\/1"}],"replies":[{"embeddable":true,"href":"https:\/\/agromt.news\/index.php?rest_route=%2Fwp%2Fv2%2Fcomments&post=15092"}],"version-history":[{"count":0,"href":"https:\/\/agromt.news\/index.php?rest_route=\/wp\/v2\/posts\/15092\/revisions"}],"wp:featuredmedia":[{"embeddable":true,"href":"https:\/\/agromt.news\/index.php?rest_route=\/wp\/v2\/media\/9155"}],"wp:attachment":[{"href":"https:\/\/agromt.news\/index.php?rest_route=%2Fwp%2Fv2%2Fmedia&parent=15092"}],"wp:term":[{"taxonomy":"category","embeddable":true,"href":"https:\/\/agromt.news\/index.php?rest_route=%2Fwp%2Fv2%2Fcategories&post=15092"},{"taxonomy":"post_tag","embeddable":true,"href":"https:\/\/agromt.news\/index.php?rest_route=%2Fwp%2Fv2%2Ftags&post=15092"}],"curies":[{"name":"wp","href":"https:\/\/api.w.org\/{rel}","templated":true}]}}