{"id":15086,"date":"2025-06-14T19:09:25","date_gmt":"2025-06-14T23:09:25","guid":{"rendered":"https:\/\/agromt.news\/?p=15086"},"modified":"2025-06-14T19:09:25","modified_gmt":"2025-06-14T23:09:25","slug":"oleos-vegetais-terao-safra-e-consumo-maiores","status":"publish","type":"post","link":"https:\/\/agromt.news\/?p=15086","title":{"rendered":"\u00d3leos vegetais ter\u00e3o safra e consumo maiores"},"content":{"rendered":"<p> <br \/>\n<\/p>\n<div>\n<div class=\"row\">\n<div class=\"col-lg col-infos mt-0 mt-lg-0\">\n<div class=\"section-sub-title\">\n<p itemprop=\"description\">&#13;<br \/>\n                                Para o \u00f3leo de soja, espera-se uma produ\u00e7\u00e3o maior na Argentina, Brasil e EUA&#13;\n                            <\/p>\n<\/p><\/div>\n<div class=\"container\">\n<div class=\"row\">\n<div class=\"col-lg p-0\">\n<div>\n<div class=\"block-news-main-infos mt-3 text-start\">\n<p>                                            <strong class=\"fn\" itemprop=\"author\" style=\"color: rgb(112, 112, 112); \">&#13;<br \/>\n                                                <a href=\"https:\/\/www.agrolink.com.br\/noticias\/javascript:;\" class=\"text-uppercase\" target=\"_blank\" style=\"color: rgb(112, 112, 112); \" rel=\"noopener\">Agrolink<\/a>&#13;<br \/>\n&#13;<br \/>\n                                                    &#8211; Leonardo Gottems&#13;<br \/>\n&#13;<br \/>\n                                            <\/strong><br \/>\n                                        <\/p>\n<p>                                            <abbr><time datetime=\"2025-06-14T08:03\" itemprop=\"datePublished dateModified\">Publicado em 14\/06\/2025 \u00e0s 08:03h.<\/time><\/abbr><br \/>\n                                            <\/p><\/div>\n<\/p><\/div>\n<\/p><\/div>\n<div class=\"col-lg p-0 text-lg-end\">\n<div>\n<div id=\"mdEnviarPagina\" class=\"modal fade\" role=\"dialog\">\n<div class=\"modal-dialog\">\n<div class=\"modal-content\">\n<div class=\"modal-body\">\n<p><strong>Estimado usu\u00e1rio.<\/strong><br \/>Preencha o formul\u00e1rio abaixo para remeter a p\u00e1gina.<\/p>\n<\/p><\/div>\n<\/p><\/div>\n<\/p><\/div>\n<\/div><\/div>\n<\/p><\/div>\n<\/p><\/div>\n<\/p><\/div>\n<\/p><\/div>\n<\/p><\/div>\n<div class=\"row justify-content-md-center mt-3\">\n<div class=\"col-lg-auto col-image block-news-main-image\">\n<p>                                <img decoding=\"async\" src=\"https:\/\/www.agrolink.com.br\/upload\/imagens-resizes\/b0b7ef56108c429bb411765ad5fa9497_858x483.jpg\" class=\"lazyload img-fluid\" alt=\"Para o \u00f3leo de soja, espera-se uma produ\u00e7\u00e3o maior na Argentina, Brasil e EUA\"\/><br \/>\n                                                <span class=\"d-block mt-1\">Para o \u00f3leo de soja, espera-se uma produ\u00e7\u00e3o maior na Argentina, Brasil e EUA &#8211; Foto: United Soybean Board<\/span><\/p><\/div>\n<\/p><\/div>\n<div class=\"section-description section-description-noticias mt-3\">\n<p>A produ\u00e7\u00e3o e o consumo global de \u00f3leos vegetais devem crescer na temporada 2025\/26, segundo an\u00e1lise da Hedgepoint Global Markets. A previs\u00e3o \u00e9 de safra maior em grandes pa\u00edses produtores, impulsionando a oferta e permitindo aumento de uso e importa\u00e7\u00f5es em grandes mercados consumidores. A demanda para biocombust\u00edveis deve ser um fator de destaque, com eleva\u00e7\u00e3o das misturas obrigat\u00f3rias em alguns pa\u00edses.&#13;\n<\/p>\n<p>Para o \u00f3leo de soja, espera-se uma produ\u00e7\u00e3o maior na Argentina, Brasil e EUA, com consumo crescente na China, \u00cdndia e nos pr\u00f3prios pa\u00edses produtores. Mesmo com mais oferta, os estoques finais mundiais tendem a subir pouco, j\u00e1 que o uso para biodiesel deve se intensificar. O \u00f3leo de palma tamb\u00e9m deve ter aumento de produ\u00e7\u00e3o na Indon\u00e9sia e Mal\u00e1sia, possibilitando maior exporta\u00e7\u00e3o, principalmente para a \u00cdndia, que pode reduzir as compras de \u00f3leo de soja.<\/p>\n<p>No caso do \u00f3leo de canola, o cen\u00e1rio aponta para pouca varia\u00e7\u00e3o em rela\u00e7\u00e3o \u00e0 safra anterior, com leve queda nas exporta\u00e7\u00f5es do Canad\u00e1 e estoques finais um pouco menores. J\u00e1 o \u00f3leo de girassol continua sujeito aos impactos do conflito R\u00fassia-Ucr\u00e2nia, principais produtores e exportadores do produto. Mesmo assim, a produ\u00e7\u00e3o ucraniana deve crescer, favorecida por maior \u00e1rea plantada e recupera\u00e7\u00e3o das perdas clim\u00e1ticas, elevando exporta\u00e7\u00f5es para \u00cdndia e China.&#13;\n<\/p>\n<p>A rela\u00e7\u00e3o de pre\u00e7os entre \u00f3leo de palma e \u00f3leo de soja pode favorecer o consumo do primeiro nos pr\u00f3ximos meses, j\u00e1 que tem registrado cota\u00e7\u00f5es mais baixas. A Hedgepoint Global Markets, especializada em intelig\u00eancia de mercado e hedge para commodities, segue acompanhando esses movimentos para oferecer estrat\u00e9gias de gest\u00e3o de risco a seus clientes em todo o mundo.<br \/>&#13;<br \/>\n\u00a0<\/p>\n<\/p><\/div>\n<\/p><\/div>\n<p><script data-cfasync=\"false\">\n    !function (f, b, e, v, n, t, s) {\n        if (f.fbq) return; n = f.fbq = function () {\n            n.callMethod ?\n                n.callMethod.apply(n, arguments) : n.queue.push(arguments)\n        };\n        if (!f._fbq) f._fbq = n; n.push = n; n.loaded = !0; n.version = '2.0';\n        n.queue = []; t = b.createElement(e); t.async = !0;\n        t.src = v; s = b.getElementsByTagName(e)[0];\n        s.parentNode.insertBefore(t, s)\n    }(window, document, 'script',\n        'https:\/\/connect.facebook.net\/en_US\/fbevents.js');\n    fbq('init', '522546078623747');\n    fbq('track', 'PageView');\n<\/script><br \/>\n<br \/><br \/>\n<br \/><a href=\"https:\/\/www.agrolink.com.br\/noticias\/oleos-vegetais-terao-safra-e-consumo-maiores_502915.html\">Source link <\/a><\/p>\n","protected":false},"excerpt":{"rendered":"<p>&#13; Para o \u00f3leo de soja, espera-se uma produ\u00e7\u00e3o maior na Argentina, Brasil e EUA&#13; &#13; Agrolink&#13; &#13; &#8211; Leonardo<\/p>\n","protected":false},"author":1,"featured_media":4086,"comment_status":"open","ping_status":"open","sticky":false,"template":"","format":"standard","meta":{"_monsterinsights_skip_tracking":false,"_monsterinsights_sitenote_active":false,"_monsterinsights_sitenote_note":"","_monsterinsights_sitenote_category":0,"_uf_show_specific_survey":0,"_uf_disable_surveys":false,"footnotes":""},"categories":[8,1,14],"tags":[],"class_list":["post-15086","post","type-post","status-publish","format-standard","has-post-thumbnail","hentry","category-agro","category-news","category-politica-agro"],"_links":{"self":[{"href":"https:\/\/agromt.news\/index.php?rest_route=\/wp\/v2\/posts\/15086"}],"collection":[{"href":"https:\/\/agromt.news\/index.php?rest_route=\/wp\/v2\/posts"}],"about":[{"href":"https:\/\/agromt.news\/index.php?rest_route=\/wp\/v2\/types\/post"}],"author":[{"embeddable":true,"href":"https:\/\/agromt.news\/index.php?rest_route=\/wp\/v2\/users\/1"}],"replies":[{"embeddable":true,"href":"https:\/\/agromt.news\/index.php?rest_route=%2Fwp%2Fv2%2Fcomments&post=15086"}],"version-history":[{"count":0,"href":"https:\/\/agromt.news\/index.php?rest_route=\/wp\/v2\/posts\/15086\/revisions"}],"wp:featuredmedia":[{"embeddable":true,"href":"https:\/\/agromt.news\/index.php?rest_route=\/wp\/v2\/media\/4086"}],"wp:attachment":[{"href":"https:\/\/agromt.news\/index.php?rest_route=%2Fwp%2Fv2%2Fmedia&parent=15086"}],"wp:term":[{"taxonomy":"category","embeddable":true,"href":"https:\/\/agromt.news\/index.php?rest_route=%2Fwp%2Fv2%2Fcategories&post=15086"},{"taxonomy":"post_tag","embeddable":true,"href":"https:\/\/agromt.news\/index.php?rest_route=%2Fwp%2Fv2%2Ftags&post=15086"}],"curies":[{"name":"wp","href":"https:\/\/api.w.org\/{rel}","templated":true}]}}