{"id":15080,"date":"2025-06-14T16:08:53","date_gmt":"2025-06-14T20:08:53","guid":{"rendered":"https:\/\/agromt.news\/?p=15080"},"modified":"2025-06-14T16:08:53","modified_gmt":"2025-06-14T20:08:53","slug":"ate-quando-vai-esse-frio-no-centro-sul-climatempo-responde","status":"publish","type":"post","link":"https:\/\/agromt.news\/?p=15080","title":{"rendered":"at\u00e9 quando vai esse frio no Centro-Sul? Climatempo responde"},"content":{"rendered":"<p> <br \/>\n<br \/><img decoding=\"async\" src=\"https:\/\/agromt.news\/wp-content\/uploads\/2025\/05\/onda-de-frio.jpg\" \/><\/p>\n<div>\n<p>Ap\u00f3s o frio intenso que marcou a segunda semana de junho, o Centro-Sul do Brasil vai passar por uma eleva\u00e7\u00e3o significativa nas temperaturas nos pr\u00f3ximos dias. Segundo a <strong><a href=\"https:\/\/www.canalrural.com.br\/autor\/climatempo\/\">Climatempo<\/a><\/strong>, a mudan\u00e7a \u00e9 provocada pelo afastamento da massa de ar polar que atuou recentemente na regi\u00e3o e por altera\u00e7\u00f5es na circula\u00e7\u00e3o dos ventos em diferentes n\u00edveis da atmosfera.<\/p>\n<div data-icp-cta=\"1\" id=\"icp-cta-unique\">Voc\u00ea quer entender como usar o clima a seu favor?<b> <\/b><a href=\"https:\/\/climacampo.canalrural.com.br\/climacampo_-01\">Preparamos um e-book exclusivo<\/a> para ajudar produtores rurais a se antecipar \u00e0s mudan\u00e7as do tempo e planejar melhor suas a\u00e7\u00f5es. Com base em previs\u00f5es meteorol\u00f3gicas confi\u00e1veis, ele oferece orienta\u00e7\u00f5es pr\u00e1ticas para proteger sua lavoura e otimizar seus resultados.<\/div>\n<p>De acordo com meteorologistas, n\u00e3o h\u00e1 previs\u00e3o de uma nova onda de calor. No entanto, o cen\u00e1rio ser\u00e1 marcado por m\u00e1ximas elevadas na segunda quinzena de junho, especialmente em \u00e1reas do Sudeste e Centro-Oeste. A aus\u00eancia de novas incurs\u00f5es de ar polar nos pr\u00f3ximos dias, combinada ao predom\u00ednio de sol e \u00e0 chegada de ventos quentes vindos do Norte do pa\u00eds, deve aquecer o ar em grande parte dessas regi\u00f5es, livrando boa parte do pa\u00eds do frio.<\/p>\n<p>No Sul, o tempo inst\u00e1vel, com excesso de nuvens e pancadas de chuva, tamb\u00e9m contribui para evitar quedas acentuadas nas temperaturas noturnas. <\/p>\n<p>A previs\u00e3o da Climatempo traz alerta de temporais no sul do Brasil e em Mato Grosso do Sul no in\u00edcio da segunda quinzena do m\u00eas.<\/p>\n<\/div>\n<div>\n<h3 class=\"wp-block-heading\" id=\"h-capitais-com-maximas-em-elevacao\">Capitais com m\u00e1ximas em eleva\u00e7\u00e3o<\/h3>\n<p>Mesmo com a presen\u00e7a de nebulosidade e registros de chuva em algumas \u00e1reas, diversas capitais devem superar os 20\u202f\u00b0C nos pr\u00f3ximos dias. Em Porto Alegre, Florian\u00f3polis e Curitiba, as m\u00e1ximas ficam pouco acima desse patamar. Em S\u00e3o Paulo, que enfrentou dias seguidos com temperaturas abaixo de 20\u202f\u00b0C, os term\u00f4metros podem alcan\u00e7ar 27\u202f\u00b0C na pr\u00f3xima quinta-feira (19).<\/p>\n<p>No Rio de Janeiro, a terceira semana de junho se despede do frio e poder\u00e1 terminar com calor pr\u00f3ximo a 30\u202f\u00b0C. Em Belo Horizonte, as temperaturas devem atingir 27\u202f\u00b0C, enquanto Vit\u00f3ria pode registrar at\u00e9 28\u202f\u00b0C.<\/p>\n<p>Em \u00e1reas ao norte e oeste de S\u00e3o Paulo e de Minas Gerais, a previs\u00e3o \u00e9 de temperaturas pr\u00f3ximas aos 30\u202f\u00b0C, cen\u00e1rio t\u00edpico de ver\u00e3o em algumas localidades.<\/p>\n<h3 class=\"wp-block-heading\" id=\"h-calor-ganha-forca-no-centro-oeste\">Calor ganha for\u00e7a no Centro-Oeste<\/h3>\n<p>A regi\u00e3o Centro-Oeste dever\u00e1 apresentar as maiores temperaturas do per\u00edodo. Em Campo Grande e Goi\u00e2nia, os term\u00f4metros devem ultrapassar os 30\u202f\u00b0C. J\u00e1 em Cuiab\u00e1, a m\u00e1xima pode chegar aos 35\u202f\u00b0C nos dias mais quentes da semana.<\/p>\n<p>A tend\u00eancia de calor ocorre em um momento de estabilidade atmosf\u00e9rica em boa parte do Centro-Sul, o que pode impactar atividades agr\u00edcolas e o consumo de energia, al\u00e9m de aumentar a sensa\u00e7\u00e3o de desconforto t\u00e9rmico em \u00e1reas urbanas.<\/p>\n<\/p><\/div>\n<p><br \/>\n<br \/><a href=\"https:\/\/www.canalrural.com.br\/tempo\/frente-fria-ate-quando-vai-esse-frio-no-centro-sul-climatempo-responde\/\">Source link <\/a><\/p>\n","protected":false},"excerpt":{"rendered":"<p>Ap\u00f3s o frio intenso que marcou a segunda semana de junho, o Centro-Sul do Brasil vai passar por uma eleva\u00e7\u00e3o<\/p>\n","protected":false},"author":1,"featured_media":14241,"comment_status":"open","ping_status":"open","sticky":false,"template":"","format":"standard","meta":{"_monsterinsights_skip_tracking":false,"_monsterinsights_sitenote_active":false,"_monsterinsights_sitenote_note":"","_monsterinsights_sitenote_category":0,"_uf_show_specific_survey":0,"_uf_disable_surveys":false,"footnotes":""},"categories":[1],"tags":[],"class_list":["post-15080","post","type-post","status-publish","format-standard","has-post-thumbnail","hentry","category-news"],"_links":{"self":[{"href":"https:\/\/agromt.news\/index.php?rest_route=\/wp\/v2\/posts\/15080"}],"collection":[{"href":"https:\/\/agromt.news\/index.php?rest_route=\/wp\/v2\/posts"}],"about":[{"href":"https:\/\/agromt.news\/index.php?rest_route=\/wp\/v2\/types\/post"}],"author":[{"embeddable":true,"href":"https:\/\/agromt.news\/index.php?rest_route=\/wp\/v2\/users\/1"}],"replies":[{"embeddable":true,"href":"https:\/\/agromt.news\/index.php?rest_route=%2Fwp%2Fv2%2Fcomments&post=15080"}],"version-history":[{"count":0,"href":"https:\/\/agromt.news\/index.php?rest_route=\/wp\/v2\/posts\/15080\/revisions"}],"wp:featuredmedia":[{"embeddable":true,"href":"https:\/\/agromt.news\/index.php?rest_route=\/wp\/v2\/media\/14241"}],"wp:attachment":[{"href":"https:\/\/agromt.news\/index.php?rest_route=%2Fwp%2Fv2%2Fmedia&parent=15080"}],"wp:term":[{"taxonomy":"category","embeddable":true,"href":"https:\/\/agromt.news\/index.php?rest_route=%2Fwp%2Fv2%2Fcategories&post=15080"},{"taxonomy":"post_tag","embeddable":true,"href":"https:\/\/agromt.news\/index.php?rest_route=%2Fwp%2Fv2%2Ftags&post=15080"}],"curies":[{"name":"wp","href":"https:\/\/api.w.org\/{rel}","templated":true}]}}