{"id":1508,"date":"2024-09-12T23:01:35","date_gmt":"2024-09-13T03:01:35","guid":{"rendered":"https:\/\/agromt.news\/?p=1508"},"modified":"2024-09-12T23:01:35","modified_gmt":"2024-09-13T03:01:35","slug":"precisamos-debater-as-queimadas-ao-inves-de-culpar-setor-produtivo-diz-coordenador-da-fgv-agro","status":"publish","type":"post","link":"https:\/\/agromt.news\/?p=1508","title":{"rendered":"Precisamos debater as queimadas ao inv\u00e9s de culpar setor produtivo, diz coordenador da FGV Agro"},"content":{"rendered":"<p> <br \/>\n<\/p>\n<div>\n<p>Em entrevista \u00e0 <strong>CNN<\/strong>, o coordenador da FGV Agro, Guilherme Bastos, defendeu a necessidade de um debate t\u00e9cnico e pragm\u00e1tico <a href=\"https:\/\/www.cnnbrasil.com.br\/nacional\/cidades-de-sao-paulo-registram-focos-de-incendio-ativos\/\">sobre as queimadas no Brasil<\/a>, \u201cem vez de culpar o setor produtivo\u201d.<\/p>\n<p>Bastos argumentou que \u00e9 crucial trazer dados concretos para endere\u00e7ar adequadamente os problemas ambientais.<\/p>\n<p>Ele destacou a presen\u00e7a de parlamentares comprometidos em trazer quest\u00f5es t\u00e9cnicas para o debate, afastando-se de discuss\u00f5es ideol\u00f3gicas.<\/p>\n<p>\u201cPrecisamos trazer realmente dados para que os problemas possam ser devidamente endere\u00e7ados\u201d, afirmou o coordenador.<\/p>\n<h2>Responsabilidades compartilhadas<\/h2>\n<p>O especialista enfatizou a import\u00e2ncia de distinguir entre as responsabilidades do setor produtivo e aquelas que competem ao poder Executivo e Judici\u00e1rio.<\/p>\n<p>Segundo Bastos, \u00e9 fundamental considerar as \u00e1reas sem posse definida ou titularidade, onde n\u00e3o se pode atribuir responsabilidade direta ao setor produtivo.<\/p>\n<p>Ele tamb\u00e9m mencionou os esfor\u00e7os do governo anterior em captar recursos internacionais para combater as queimadas no Pantanal.<\/p>\n<p>Ele ressaltou que as <a href=\"https:\/\/www.cnnbrasil.com.br\/nacional\/pesquisador-explica-a-cnn-causas-e-efeitos-das-queimadas-no-amazonas\/\">mudan\u00e7as clim\u00e1ticas t\u00eam contribu\u00eddo para o ac\u00famulo excessivo de mat\u00e9ria seca em algumas regi\u00f5es<\/a>, aumentando o risco de inc\u00eandios.<\/p>\n<aside class=\"read-too read-too--with-img\"> <\/aside>\n<h2>Equil\u00edbrio ambiental<\/h2>\n<p>O coordenador da FGV Agro lembrou a import\u00e2ncia do \u201cBanco Pantaneiro\u201d, uma pr\u00e1tica tradicional que ajudava a manter o equil\u00edbrio no ecossistema do Pantanal.<\/p>\n<p>\u201cMuitas vezes \u00e9 exatamente em fun\u00e7\u00e3o desse problema das mudan\u00e7as clim\u00e1ticas acaba tendo-se realmente um excedente de ac\u00famulo de mat\u00e9ria seca\u201d, explicou.<\/p>\n<p>Bastos concluiu reiterando a necessidade de um debate t\u00e9cnico aprofundado para desenvolver a\u00e7\u00f5es adequadas no combate \u00e0s queimadas e outros problemas ambientais.<\/p>\n<p>Ele argumentou que essa abordagem \u00e9 mais produtiva do que simplesmente atribuir toda a responsabilidade ao setor produtivo.<\/p>\n<div class=\"disclaimer__ai\"> <em>Os textos gerados por intelig\u00eancia artificial na <strong>CNN Brasil<\/strong>\u00a0s\u00e3o feitos com base nos cortes de v\u00eddeos dos jornais de sua programa\u00e7\u00e3o. Todas as informa\u00e7\u00f5es s\u00e3o apuradas e checadas por jornalistas. O texto final tamb\u00e9m passa pela revis\u00e3o da equipe de jornalismo da\u00a0<strong>CNN<\/strong>.\u00a0<a href=\"https:\/\/www.cnnbrasil.com.br\/nacional\/saiba-como-a-cnn-brasil-utiliza-as-ferramentas-de-inteligencia-artificial\/\" target=\"_blank\" rel=\"noopener\">Clique aqui para saber mais<\/a>.<\/em><\/div>\n<\/div>\n<p><br \/>\n<br \/><a href=\"https:\/\/www.cnnbrasil.com.br\/nacional\/precisamos-debater-as-queimadas-ao-inves-de-culpar-setor-produtivo-diz-coordenador-da-fgv-agro\/\">Source link <\/a><\/p>\n","protected":false},"excerpt":{"rendered":"<p>Em entrevista \u00e0 CNN, o coordenador da FGV Agro, Guilherme Bastos, defendeu a necessidade de um debate t\u00e9cnico e pragm\u00e1tico<\/p>\n","protected":false},"author":1,"featured_media":1509,"comment_status":"open","ping_status":"open","sticky":false,"template":"","format":"standard","meta":{"_monsterinsights_skip_tracking":false,"_monsterinsights_sitenote_active":false,"_monsterinsights_sitenote_note":"","_monsterinsights_sitenote_category":0,"_uf_show_specific_survey":0,"_uf_disable_surveys":false,"footnotes":""},"categories":[1],"tags":[],"class_list":["post-1508","post","type-post","status-publish","format-standard","has-post-thumbnail","hentry","category-news"],"_links":{"self":[{"href":"https:\/\/agromt.news\/index.php?rest_route=\/wp\/v2\/posts\/1508"}],"collection":[{"href":"https:\/\/agromt.news\/index.php?rest_route=\/wp\/v2\/posts"}],"about":[{"href":"https:\/\/agromt.news\/index.php?rest_route=\/wp\/v2\/types\/post"}],"author":[{"embeddable":true,"href":"https:\/\/agromt.news\/index.php?rest_route=\/wp\/v2\/users\/1"}],"replies":[{"embeddable":true,"href":"https:\/\/agromt.news\/index.php?rest_route=%2Fwp%2Fv2%2Fcomments&post=1508"}],"version-history":[{"count":0,"href":"https:\/\/agromt.news\/index.php?rest_route=\/wp\/v2\/posts\/1508\/revisions"}],"wp:featuredmedia":[{"embeddable":true,"href":"https:\/\/agromt.news\/index.php?rest_route=\/wp\/v2\/media\/1509"}],"wp:attachment":[{"href":"https:\/\/agromt.news\/index.php?rest_route=%2Fwp%2Fv2%2Fmedia&parent=1508"}],"wp:term":[{"taxonomy":"category","embeddable":true,"href":"https:\/\/agromt.news\/index.php?rest_route=%2Fwp%2Fv2%2Fcategories&post=1508"},{"taxonomy":"post_tag","embeddable":true,"href":"https:\/\/agromt.news\/index.php?rest_route=%2Fwp%2Fv2%2Ftags&post=1508"}],"curies":[{"name":"wp","href":"https:\/\/api.w.org\/{rel}","templated":true}]}}