{"id":15074,"date":"2025-06-14T15:21:03","date_gmt":"2025-06-14T19:21:03","guid":{"rendered":"https:\/\/agromt.news\/?p=15074"},"modified":"2025-06-14T15:21:03","modified_gmt":"2025-06-14T19:21:03","slug":"sao-paulo-registra-1o-caso-de-gripe-aviaria-em-2025","status":"publish","type":"post","link":"https:\/\/agromt.news\/?p=15074","title":{"rendered":"S\u00e3o Paulo registra 1\u00ba caso de gripe avi\u00e1ria em 2025"},"content":{"rendered":"<p> <br \/>\n<br \/><img decoding=\"async\" src=\"https:\/\/agromt.news\/wp-content\/uploads\/2025\/06\/Sao-Paulo-registra-1o-caso-de-gripe-aviaria-em-2025.jpeg\" \/><\/p>\n<div>\n<p>Foi confirmado no fim da tarde desta sexta-feira (13), pelo Laborat\u00f3rio Federal de Defesa Agropecu\u00e1ria (LFDA-SP), o primeiro caso positivo de influenza avi\u00e1ria de alta patogenicidade (Iaap), a gripe avi\u00e1ria, no estado de <strong><a href=\"http:\/\/www.canalrural.com.br\/tag\/sao-paulo\/\">S\u00e3o Paulo<\/a><\/strong> neste ano. O foco ocorreu em uma marreca-caneleira <em>(Dendrocygna bicolor)<\/em>, ave silvestre que foi localizada na regi\u00e3o central de Diadema, munic\u00edpio da Grande S\u00e3o Paulo.<\/p>\n<p>Segundo o governo paulista, trata-se de um caso isolado, em ave silvestre migrat\u00f3ria, sem qualquer rela\u00e7\u00e3o com granjas comerciais ou produ\u00e7\u00e3o de alimentos.<\/p>\n<p>A Coordenadoria de Defesa Agropecu\u00e1ria (CDA) da Secretaria de Agricultura e Abastecimento atuou rapidamente no isolamento da ave, sendo esta examinada com colheita de amostras. A ave foi encontrada sem rea\u00e7\u00e3o \u00e0 presen\u00e7a humana e apresentava sinais cl\u00ednicos como dificuldade de voar e letargia, al\u00e9m de altera\u00e7\u00f5es respirat\u00f3rias e neurol\u00f3gicas.<\/p>\n<\/div>\n<div>\n<p>Em nota, o governo de S\u00e3o Paulo informou que n\u00e3o h\u00e1 risco \u00e0 popula\u00e7\u00e3o nem impacto na produ\u00e7\u00e3o av\u00edcola, e que o consumo de carne de aves e ovos \u00e9 seguro.<\/p>\n<p>De acordo com a Defesa Agropecu\u00e1ria do estado, n\u00e3o existem estabelecimentos av\u00edcolas comerciais no raio de 10 quil\u00f4metros da ocorr\u00eancia do foco. No entanto, ser\u00e3o realizadas a\u00e7\u00f5es de vigil\u00e2ncia epidemiol\u00f3gica na \u00e1rea, procurando identificar a poss\u00edvel ocorr\u00eancia de mortalidade em aves e ou exist\u00eancia de sintomatologia compat\u00edvel com a gripe avi\u00e1ria.<\/p>\n<h2 class=\"wp-block-heading\" id=\"h-orientacoes\">Orienta\u00e7\u00f5es<\/h2>\n<p>A Defesa Agropecu\u00e1ria refor\u00e7a que o consumo de aves e ovos n\u00e3o transmite a doen\u00e7a e pede para que a popula\u00e7\u00e3o siga as orienta\u00e7\u00f5es do Servi\u00e7o Veterin\u00e1rio Oficial (SVO) e n\u00e3o toque em aves que possam apresentar os sinais cl\u00ednicos.<\/p>\n<p>A infec\u00e7\u00e3o humana ocorre principalmente por contato direto com aves infectadas, portanto, aves doentes ou mortas n\u00e3o devem ser manipuladas sem a utiliza\u00e7\u00e3o de equipamento de prote\u00e7\u00e3o individual (EPI). A Defesa Agropecu\u00e1ria deve ser acionada imediatamente caso ocorra alguma suspeita da doen\u00e7a ou identifica\u00e7\u00e3o de aves mortas.<\/p>\n<\/p><\/div>\n<p><br \/>\n<br \/><a href=\"https:\/\/www.canalrural.com.br\/aves-e-suinos\/sao-paulo-registra-1o-caso-de-gripe-aviaria-em-2025\/\">Source link <\/a><\/p>\n","protected":false},"excerpt":{"rendered":"<p>Foi confirmado no fim da tarde desta sexta-feira (13), pelo Laborat\u00f3rio Federal de Defesa Agropecu\u00e1ria (LFDA-SP), o primeiro caso positivo<\/p>\n","protected":false},"author":1,"featured_media":15075,"comment_status":"open","ping_status":"open","sticky":false,"template":"","format":"standard","meta":{"_monsterinsights_skip_tracking":false,"_monsterinsights_sitenote_active":false,"_monsterinsights_sitenote_note":"","_monsterinsights_sitenote_category":0,"_uf_show_specific_survey":0,"_uf_disable_surveys":false,"footnotes":""},"categories":[1],"tags":[],"class_list":["post-15074","post","type-post","status-publish","format-standard","has-post-thumbnail","hentry","category-news"],"_links":{"self":[{"href":"https:\/\/agromt.news\/index.php?rest_route=\/wp\/v2\/posts\/15074"}],"collection":[{"href":"https:\/\/agromt.news\/index.php?rest_route=\/wp\/v2\/posts"}],"about":[{"href":"https:\/\/agromt.news\/index.php?rest_route=\/wp\/v2\/types\/post"}],"author":[{"embeddable":true,"href":"https:\/\/agromt.news\/index.php?rest_route=\/wp\/v2\/users\/1"}],"replies":[{"embeddable":true,"href":"https:\/\/agromt.news\/index.php?rest_route=%2Fwp%2Fv2%2Fcomments&post=15074"}],"version-history":[{"count":0,"href":"https:\/\/agromt.news\/index.php?rest_route=\/wp\/v2\/posts\/15074\/revisions"}],"wp:featuredmedia":[{"embeddable":true,"href":"https:\/\/agromt.news\/index.php?rest_route=\/wp\/v2\/media\/15075"}],"wp:attachment":[{"href":"https:\/\/agromt.news\/index.php?rest_route=%2Fwp%2Fv2%2Fmedia&parent=15074"}],"wp:term":[{"taxonomy":"category","embeddable":true,"href":"https:\/\/agromt.news\/index.php?rest_route=%2Fwp%2Fv2%2Fcategories&post=15074"},{"taxonomy":"post_tag","embeddable":true,"href":"https:\/\/agromt.news\/index.php?rest_route=%2Fwp%2Fv2%2Ftags&post=15074"}],"curies":[{"name":"wp","href":"https:\/\/api.w.org\/{rel}","templated":true}]}}