{"id":15073,"date":"2025-06-14T15:16:24","date_gmt":"2025-06-14T19:16:24","guid":{"rendered":"https:\/\/agromt.news\/?p=15073"},"modified":"2025-06-14T15:16:24","modified_gmt":"2025-06-14T19:16:24","slug":"transacao-tributaria-facilita-regularizacao-de-dividas","status":"publish","type":"post","link":"https:\/\/agromt.news\/?p=15073","title":{"rendered":"Transa\u00e7\u00e3o Tribut\u00e1ria facilita regulariza\u00e7\u00e3o de d\u00edvidas"},"content":{"rendered":"<p> <br \/>\n<\/p>\n<div>\n<div class=\"row\">\n<div class=\"col-lg col-infos mt-0 mt-lg-0\">\n<div class=\"section-sub-title\">\n<p itemprop=\"description\">&#13;<br \/>\n                                Entre as vantagens est\u00e3o entrada facilitada ou at\u00e9 dispensada&#13;\n                            <\/p>\n<\/p><\/div>\n<div class=\"container\">\n<div class=\"row\">\n<div class=\"col-lg p-0\">\n<div>\n<div class=\"block-news-main-infos mt-3 text-start\">\n<p>                                            <strong class=\"fn\" itemprop=\"author\" style=\"color: rgb(112, 112, 112); \">&#13;<br \/>\n                                                <a href=\"https:\/\/www.agrolink.com.br\/noticias\/javascript:;\" class=\"text-uppercase\" target=\"_blank\" style=\"color: rgb(112, 112, 112); \" rel=\"noopener\">Agrolink<\/a>&#13;<br \/>\n&#13;<br \/>\n                                                    &#8211; Leonardo Gottems&#13;<br \/>\n&#13;<br \/>\n                                            <\/strong><br \/>\n                                        <\/p>\n<p>                                            <abbr><time datetime=\"2025-06-14T09:08\" itemprop=\"datePublished dateModified\">Publicado em 14\/06\/2025 \u00e0s 09:08h.<\/time><\/abbr><br \/>\n                                            <\/p><\/div>\n<\/p><\/div>\n<\/p><\/div>\n<div class=\"col-lg p-0 text-lg-end\">\n<div>\n<div id=\"mdEnviarPagina\" class=\"modal fade\" role=\"dialog\">\n<div class=\"modal-dialog\">\n<div class=\"modal-content\">\n<div class=\"modal-body\">\n<p><strong>Estimado usu\u00e1rio.<\/strong><br \/>Preencha o formul\u00e1rio abaixo para remeter a p\u00e1gina.<\/p>\n<\/p><\/div>\n<\/p><\/div>\n<\/p><\/div>\n<\/div><\/div>\n<\/p><\/div>\n<\/p><\/div>\n<\/p><\/div>\n<\/p><\/div>\n<\/p><\/div>\n<div class=\"row justify-content-md-center mt-3\">\n<div class=\"col-lg-auto col-image block-news-main-image\">\n<p>                                <img decoding=\"async\" src=\"https:\/\/www.agrolink.com.br\/upload\/imagens-resizes\/f2eb6c049f0e4e85946ef2a625ed75b1_858x483.jpg\" class=\"lazyload img-fluid\" alt=\"Entre as vantagens est\u00e3o entrada facilitada ou at\u00e9 dispensada\"\/><br \/>\n                                                <span class=\"d-block mt-1\">Entre as vantagens est\u00e3o entrada facilitada ou at\u00e9 dispensada &#8211; Foto: Divulga\u00e7\u00e3o<\/span><\/p><\/div>\n<\/p><\/div>\n<div class=\"section-description section-description-noticias mt-3\">\n<p>Segundo Douglas Machado Nunes, Consultor Tribut\u00e1rio no Amaral e Melo Advogados, a Procuradoria-Geral da Fazenda Nacional (PGFN) publicou o Edital PGDAU n\u00ba 11\/2025, que amplia as possibilidades para contribuintes quitarem d\u00edvidas inscritas na d\u00edvida ativa da Uni\u00e3o com condi\u00e7\u00f5es especiais. A ades\u00e3o vai at\u00e9 30 de setembro de 2025, permitindo acordos ajustados \u00e0 capacidade de pagamento de cada contribuinte.&#13;\n<\/p>\n<p>Podem participar os devedores com d\u00edvidas registradas at\u00e9 4 de mar\u00e7o de 2025, desde que o valor n\u00e3o ultrapasse R\\$ 45 milh\u00f5es. Um diferencial \u00e9 a classifica\u00e7\u00e3o autom\u00e1tica da capacidade de pagamento em faixas de \u201cA\u201d a \u201cD\u201d, definindo prazos e descontos: quanto menor a capacidade, maiores s\u00e3o os benef\u00edcios, incluindo prazos de at\u00e9 133 parcelas para pequenas empresas, MEIs, cooperativas, entidades assistenciais e institui\u00e7\u00f5es de ensino.<\/p>\n<p>Entre as vantagens est\u00e3o entrada facilitada ou at\u00e9 dispensada, descontos de at\u00e9 70% sobre juros, multas e encargos, al\u00e9m do uso de precat\u00f3rios federais para abater d\u00edvidas. \u00c9 vedado, no entanto, utilizar cr\u00e9ditos de preju\u00edzo fiscal ou base de c\u00e1lculo negativa da CSLL.&#13;\n<\/p>\n<p>O contribuinte deve ficar atento \u00e0s condi\u00e7\u00f5es: o n\u00e3o pagamento da primeira presta\u00e7\u00e3o ou a inadimpl\u00eancia de tr\u00eas parcelas implica cancelamento ou rescis\u00e3o do acordo, com retomada da cobran\u00e7a integral e restri\u00e7\u00e3o para novas negocia\u00e7\u00f5es por dois anos. Para mais detalhes, basta acessar o edital no portal REGULARIZE da PGFN.<\/p>\n<p>\u201cA Transa\u00e7\u00e3o Tribut\u00e1ria, com as novas regras do Edital PGDAU n\u00ba 11\/2025, \u00a0representa uma excelente oportunidade para regularizar pend\u00eancias fiscais \u00a0com condi\u00e7\u00f5es acess\u00edveis e adaptadas \u00e0 realidade financeira de cada \u00a0contribuinte. N\u00e3o perca o prazo de ades\u00e3o e garanta a sua tranquilidade \u00a0fiscal!\u201d, conclui.<br \/>&#13;<br \/>\n\u00a0&#13;\n<\/p>\n<\/p><\/div>\n<\/p><\/div>\n<p><script data-cfasync=\"false\">\n    !function (f, b, e, v, n, t, s) {\n        if (f.fbq) return; n = f.fbq = function () {\n            n.callMethod ?\n                n.callMethod.apply(n, arguments) : n.queue.push(arguments)\n        };\n        if (!f._fbq) f._fbq = n; n.push = n; n.loaded = !0; n.version = '2.0';\n        n.queue = []; t = b.createElement(e); t.async = !0;\n        t.src = v; s = b.getElementsByTagName(e)[0];\n        s.parentNode.insertBefore(t, s)\n    }(window, document, 'script',\n        'https:\/\/connect.facebook.net\/en_US\/fbevents.js');\n    fbq('init', '522546078623747');\n    fbq('track', 'PageView');\n<\/script><br \/>\n<br \/><br \/>\n<br \/><a href=\"https:\/\/www.agrolink.com.br\/noticias\/transacao-tributaria-facilita-regularizacao-de-dividas_502917.html\">Source link <\/a><\/p>\n","protected":false},"excerpt":{"rendered":"<p>&#13; Entre as vantagens est\u00e3o entrada facilitada ou at\u00e9 dispensada&#13; &#13; Agrolink&#13; &#13; &#8211; Leonardo Gottems&#13; &#13; Publicado em 14\/06\/2025<\/p>\n","protected":false},"author":1,"featured_media":969,"comment_status":"open","ping_status":"open","sticky":false,"template":"","format":"standard","meta":{"_monsterinsights_skip_tracking":false,"_monsterinsights_sitenote_active":false,"_monsterinsights_sitenote_note":"","_monsterinsights_sitenote_category":0,"_uf_show_specific_survey":0,"_uf_disable_surveys":false,"footnotes":""},"categories":[8,1,14],"tags":[],"class_list":["post-15073","post","type-post","status-publish","format-standard","has-post-thumbnail","hentry","category-agro","category-news","category-politica-agro"],"_links":{"self":[{"href":"https:\/\/agromt.news\/index.php?rest_route=\/wp\/v2\/posts\/15073"}],"collection":[{"href":"https:\/\/agromt.news\/index.php?rest_route=\/wp\/v2\/posts"}],"about":[{"href":"https:\/\/agromt.news\/index.php?rest_route=\/wp\/v2\/types\/post"}],"author":[{"embeddable":true,"href":"https:\/\/agromt.news\/index.php?rest_route=\/wp\/v2\/users\/1"}],"replies":[{"embeddable":true,"href":"https:\/\/agromt.news\/index.php?rest_route=%2Fwp%2Fv2%2Fcomments&post=15073"}],"version-history":[{"count":0,"href":"https:\/\/agromt.news\/index.php?rest_route=\/wp\/v2\/posts\/15073\/revisions"}],"wp:featuredmedia":[{"embeddable":true,"href":"https:\/\/agromt.news\/index.php?rest_route=\/wp\/v2\/media\/969"}],"wp:attachment":[{"href":"https:\/\/agromt.news\/index.php?rest_route=%2Fwp%2Fv2%2Fmedia&parent=15073"}],"wp:term":[{"taxonomy":"category","embeddable":true,"href":"https:\/\/agromt.news\/index.php?rest_route=%2Fwp%2Fv2%2Fcategories&post=15073"},{"taxonomy":"post_tag","embeddable":true,"href":"https:\/\/agromt.news\/index.php?rest_route=%2Fwp%2Fv2%2Ftags&post=15073"}],"curies":[{"name":"wp","href":"https:\/\/api.w.org\/{rel}","templated":true}]}}