{"id":15072,"date":"2025-06-14T13:17:49","date_gmt":"2025-06-14T17:17:49","guid":{"rendered":"https:\/\/agromt.news\/?p=15072"},"modified":"2025-06-14T13:17:49","modified_gmt":"2025-06-14T17:17:49","slug":"fertilizantes-sao-chave-contra-fome-e-clima","status":"publish","type":"post","link":"https:\/\/agromt.news\/?p=15072","title":{"rendered":"Fertilizantes s\u00e3o chave contra fome e clima"},"content":{"rendered":"<p> <br \/>\n<\/p>\n<div>\n<div class=\"row\">\n<div class=\"col-lg col-infos mt-0 mt-lg-0\">\n<div class=\"section-sub-title\">\n<p itemprop=\"description\">&#13;<br \/>\n                                Garantir o fornecimento adequado de fertilizantes \u00e9 parte essencial da solu\u00e7\u00e3o&#13;\n                            <\/p>\n<\/p><\/div>\n<div class=\"container\">\n<div class=\"row\">\n<div class=\"col-lg p-0\">\n<div>\n<div class=\"block-news-main-infos mt-3 text-start\">\n<p>                                            <strong class=\"fn\" itemprop=\"author\" style=\"color: rgb(112, 112, 112); \">&#13;<br \/>\n                                                <a href=\"https:\/\/www.agrolink.com.br\/noticias\/javascript:;\" class=\"text-uppercase\" target=\"_blank\" style=\"color: rgb(112, 112, 112); \" rel=\"noopener\">Agrolink<\/a>&#13;<br \/>\n&#13;<br \/>\n                                                    &#8211; Leonardo Gottems&#13;<br \/>\n&#13;<br \/>\n                                            <\/strong><br \/>\n                                        <\/p>\n<p>                                            <abbr><time datetime=\"2025-06-14T10:05\" itemprop=\"datePublished dateModified\">Publicado em 14\/06\/2025 \u00e0s 10:05h.<\/time><\/abbr><br \/>\n                                            <\/p><\/div>\n<\/p><\/div>\n<\/p><\/div>\n<div class=\"col-lg p-0 text-lg-end\">\n<div>\n<div id=\"mdEnviarPagina\" class=\"modal fade\" role=\"dialog\">\n<div class=\"modal-dialog\">\n<div class=\"modal-content\">\n<div class=\"modal-body\">\n<p><strong>Estimado usu\u00e1rio.<\/strong><br \/>Preencha o formul\u00e1rio abaixo para remeter a p\u00e1gina.<\/p>\n<\/p><\/div>\n<\/p><\/div>\n<\/p><\/div>\n<\/div><\/div>\n<\/p><\/div>\n<\/p><\/div>\n<\/p><\/div>\n<\/p><\/div>\n<\/p><\/div>\n<div class=\"row justify-content-md-center mt-3\">\n<div class=\"col-lg-auto col-image block-news-main-image\">\n<p>                                <img decoding=\"async\" src=\"https:\/\/www.agrolink.com.br\/upload\/imagens-resizes\/b33dfe3a996d49e08617e57d411d1143_858x483.jpg\" class=\"lazyload img-fluid\" alt=\"Garantir o fornecimento adequado de fertilizantes \u00e9 parte essencial da solu\u00e7\u00e3o\"\/><br \/>\n                                                <span class=\"d-block mt-1\">Garantir o fornecimento adequado de fertilizantes \u00e9 parte essencial da solu\u00e7\u00e3o &#8211; Foto: Canva<\/span><\/p><\/div>\n<\/p><\/div>\n<div class=\"section-description section-description-noticias mt-3\">\n<p>Segundo Ricardo Tortorella, economista e diretor-executivo da Associa\u00e7\u00e3o Nacional de Difus\u00e3o de Adubos (ANDA), o novo \u201cPanorama Regional de Seguran\u00e7a Alimentar e Nutri\u00e7\u00e3o 2024\u201d, divulgado por FAO, FIDA, OPS\/OMS, WFP e UNICEF, revela uma situa\u00e7\u00e3o alarmante para a Am\u00e9rica Latina e o Caribe. O relat\u00f3rio destaca que o aquecimento global e os eventos clim\u00e1ticos extremos j\u00e1 impactam gravemente a produ\u00e7\u00e3o agr\u00edcola, o acesso e a qualidade da nutri\u00e7\u00e3o, afetando 41 milh\u00f5es de pessoas na regi\u00e3o apenas em 2023.&#13;\n<\/p>\n<p>De acordo com Tortorella, 74% dos pa\u00edses latino-americanos e caribenhos enfrentam condi\u00e7\u00f5es clim\u00e1ticas adversas com frequ\u00eancia, enquanto 52% deles apresentam alta vulnerabilidade \u00e0 subalimenta\u00e7\u00e3o. Problemas como crises econ\u00f4micas e desigualdade social agravam ainda mais a inseguran\u00e7a alimentar, especialmente em comunidades rurais e entre as mulheres, evidenciando uma fragilidade estrutural preocupante.<\/p>\n<p>Nesse contexto, garantir o fornecimento adequado de fertilizantes \u00e9 parte essencial da solu\u00e7\u00e3o. Para o economista, os adubos s\u00e3o fundamentais para elevar a produtividade agr\u00edcola, melhorar a fertilidade do solo e proporcionar colheitas mais abundantes e nutritivas. No Brasil, por exemplo, o uso racional de fertilizantes tem colaborado para ganhos consistentes de produtividade.&#13;\n<\/p>\n<p>Tortorella refor\u00e7a que combater a fome e a m\u00e1-nutri\u00e7\u00e3o depende de a\u00e7\u00f5es integradas \u00e0 agenda clim\u00e1tica e de pol\u00edticas p\u00fablicas que assegurem insumos de qualidade para o setor agr\u00edcola. Ignorar esses desafios compromete o futuro de milh\u00f5es de pessoas em situa\u00e7\u00e3o de vulnerabilidade extrema.<\/p>\n<p>\u201cA luta contra a fome e a m\u00e1-nutri\u00e7\u00e3o exige a\u00e7\u00f5es integradas \u00e0 agenda do clima. As mensagens do \u201cPanorama Regional de Seguran\u00e7a Alimentar e Nutri\u00e7\u00e3o 2024\u201d cont\u00eam um alerta urgente: \u00e9 preciso agir agora para mitigar os danos das emiss\u00f5es de carbono e do aquecimento global, que t\u00eam implica\u00e7\u00f5es diretas na vida das popula\u00e7\u00f5es mais vulner\u00e1veis. Ignorar essa urg\u00eancia, como se observa em v\u00e1rios pa\u00edses, \u00e9 colocar em risco o futuro de milh\u00f5es de pessoas, especialmente aquelas em situa\u00e7\u00e3o de pobreza extrema. Por isso, cada um de n\u00f3s precisa fazer sua parte!\u201d, conclui.<br \/>&#13;<br \/>\n\u00a0&#13;\n<\/p>\n<\/p><\/div>\n<\/p><\/div>\n<p><script data-cfasync=\"false\">\n    !function (f, b, e, v, n, t, s) {\n        if (f.fbq) return; n = f.fbq = function () {\n            n.callMethod ?\n                n.callMethod.apply(n, arguments) : n.queue.push(arguments)\n        };\n        if (!f._fbq) f._fbq = n; n.push = n; n.loaded = !0; n.version = '2.0';\n        n.queue = []; t = b.createElement(e); t.async = !0;\n        t.src = v; s = b.getElementsByTagName(e)[0];\n        s.parentNode.insertBefore(t, s)\n    }(window, document, 'script',\n        'https:\/\/connect.facebook.net\/en_US\/fbevents.js');\n    fbq('init', '522546078623747');\n    fbq('track', 'PageView');\n<\/script><br \/>\n<br \/><br \/>\n<br \/><a href=\"https:\/\/www.agrolink.com.br\/noticias\/fertilizantes-sao-chave-contra-fome-e-clima_502918.html\">Source link <\/a><\/p>\n","protected":false},"excerpt":{"rendered":"<p>&#13; Garantir o fornecimento adequado de fertilizantes \u00e9 parte essencial da solu\u00e7\u00e3o&#13; &#13; Agrolink&#13; &#13; &#8211; Leonardo Gottems&#13; &#13; Publicado<\/p>\n","protected":false},"author":1,"featured_media":9075,"comment_status":"open","ping_status":"open","sticky":false,"template":"","format":"standard","meta":{"_monsterinsights_skip_tracking":false,"_monsterinsights_sitenote_active":false,"_monsterinsights_sitenote_note":"","_monsterinsights_sitenote_category":0,"_uf_show_specific_survey":0,"_uf_disable_surveys":false,"footnotes":""},"categories":[8,1,14],"tags":[],"class_list":["post-15072","post","type-post","status-publish","format-standard","has-post-thumbnail","hentry","category-agro","category-news","category-politica-agro"],"_links":{"self":[{"href":"https:\/\/agromt.news\/index.php?rest_route=\/wp\/v2\/posts\/15072"}],"collection":[{"href":"https:\/\/agromt.news\/index.php?rest_route=\/wp\/v2\/posts"}],"about":[{"href":"https:\/\/agromt.news\/index.php?rest_route=\/wp\/v2\/types\/post"}],"author":[{"embeddable":true,"href":"https:\/\/agromt.news\/index.php?rest_route=\/wp\/v2\/users\/1"}],"replies":[{"embeddable":true,"href":"https:\/\/agromt.news\/index.php?rest_route=%2Fwp%2Fv2%2Fcomments&post=15072"}],"version-history":[{"count":0,"href":"https:\/\/agromt.news\/index.php?rest_route=\/wp\/v2\/posts\/15072\/revisions"}],"wp:featuredmedia":[{"embeddable":true,"href":"https:\/\/agromt.news\/index.php?rest_route=\/wp\/v2\/media\/9075"}],"wp:attachment":[{"href":"https:\/\/agromt.news\/index.php?rest_route=%2Fwp%2Fv2%2Fmedia&parent=15072"}],"wp:term":[{"taxonomy":"category","embeddable":true,"href":"https:\/\/agromt.news\/index.php?rest_route=%2Fwp%2Fv2%2Fcategories&post=15072"},{"taxonomy":"post_tag","embeddable":true,"href":"https:\/\/agromt.news\/index.php?rest_route=%2Fwp%2Fv2%2Ftags&post=15072"}],"curies":[{"name":"wp","href":"https:\/\/api.w.org\/{rel}","templated":true}]}}