{"id":15061,"date":"2025-06-14T05:31:08","date_gmt":"2025-06-14T09:31:08","guid":{"rendered":"https:\/\/agromt.news\/?p=15061"},"modified":"2025-06-14T05:31:08","modified_gmt":"2025-06-14T09:31:08","slug":"entrada-da-safrinha-pressiona-precos-e-reduz-ritmo-de-comercializacao","status":"publish","type":"post","link":"https:\/\/agromt.news\/?p=15061","title":{"rendered":"entrada da safrinha pressiona pre\u00e7os e reduz ritmo de comercializa\u00e7\u00e3o"},"content":{"rendered":"<p> <br \/>\n<\/p>\n<div>\n<div class=\"row\">\n<div class=\"col-lg col-infos mt-0 mt-lg-0\">\n<div class=\"section-sub-title\">\n<p itemprop=\"description\">&#13;<br \/>\n                                Excesso de oferta e os problemas log\u00edsticos est\u00e3o obrigando produtores a vender&#13;\n                            <\/p>\n<\/p><\/div>\n<div class=\"container\">\n<div class=\"row\">\n<div class=\"col-lg p-0\">\n<div>\n<div class=\"block-news-main-infos mt-3 text-start\">\n<p>                                            <strong class=\"fn\" itemprop=\"author\" style=\"color: rgb(112, 112, 112); \">&#13;<br \/>\n                                                <a href=\"https:\/\/www.agrolink.com.br\/noticias\/javascript:;\" class=\"text-uppercase\" target=\"_blank\" style=\"color: rgb(112, 112, 112); \" rel=\"noopener\">Agrolink<\/a>&#13;<br \/>\n&#13;<br \/>\n                                                    &#8211; Aline Merladete&#13;<br \/>\n&#13;<br \/>\n                                            <\/strong><br \/>\n                                        <\/p>\n<p>                                            <abbr><time datetime=\"2025-06-13T10:52\" itemprop=\"datePublished dateModified\">Publicado em 13\/06\/2025 \u00e0s 10:52h.<\/time><\/abbr><br \/>\n                                            <\/p><\/div>\n<\/p><\/div>\n<\/p><\/div>\n<div class=\"col-lg p-0 text-lg-end\">\n<div>\n<div id=\"mdEnviarPagina\" class=\"modal fade\" role=\"dialog\">\n<div class=\"modal-dialog\">\n<div class=\"modal-content\">\n<div class=\"modal-body\">\n<p><strong>Estimado usu\u00e1rio.<\/strong><br \/>Preencha o formul\u00e1rio abaixo para remeter a p\u00e1gina.<\/p>\n<\/p><\/div>\n<\/p><\/div>\n<\/p><\/div>\n<\/div><\/div>\n<\/p><\/div>\n<\/p><\/div>\n<\/p><\/div>\n<\/p><\/div>\n<\/p><\/div>\n<div class=\"row justify-content-md-center mt-3\">\n<div class=\"col-lg-auto col-image block-news-main-image\">\n<p>                                <img decoding=\"async\" src=\"https:\/\/www.agrolink.com.br\/upload\/imagens-resizes\/07f7106d37b54676a90f273617add3a3_858x483.jpg\" class=\"lazyload img-fluid\"\/><br \/>\n                                                <span class=\"publicity-photo d-block mt-1\">Foto: Nadia Borges<\/span><\/p><\/div>\n<\/p><\/div>\n<div class=\"section-description section-description-noticias mt-3\">\n<p style=\"text-align:justify\">A colheita da segunda safra de <a href=\"https:\/\/www.agrolink.com.br\/culturas\/milho?utm_source=agrolink-detalhe-noticia&amp;utm_medium=detalhe-noticia&amp;utm_campaign=links-internos&#9;\" target=\"_blank\" rel=\"noopener\">milho<\/a> (safrinha) no Brasil come\u00e7ou e j\u00e1 pressiona os pre\u00e7os no mercado interno. Segundo o CEEMA, os valores m\u00e9dios no pa\u00eds variaram entre R$ 50,00 e R$ 63,00 por saca, enquanto no Rio Grande do Sul, que n\u00e3o cultiva a safrinha, a m\u00e9dia subiu para R$ 64,44.&#13;\n<\/p>\n<p style=\"text-align:justify\">Apesar de certa estabilidade nas cota\u00e7\u00f5es, o excesso de oferta e os problemas log\u00edsticos est\u00e3o obrigando muitos produtores a vender rapidamente, especialmente nas regi\u00f5es Centro-Oeste e Sudeste. A falta de armazenagem adequada contribui para a tend\u00eancia de baixa. Na Bolsa B3, os contratos futuros tamb\u00e9m refletem press\u00e3o: o vencimento para setembro\/25 foi cotado a R$ 64,64.<\/p>\n<p>A estimativa da Conab para a segunda safra foi revisada para cima, alcan\u00e7ando 101 milh\u00f5es de toneladas. A produ\u00e7\u00e3o total de milho na temporada 2024\/25 dever\u00e1 atingir 128,3 milh\u00f5es de toneladas. No Mato Grosso, a colheita da safrinha come\u00e7ou com apenas 2,7% da \u00e1rea colhida, bem abaixo da m\u00e9dia de 7,9% para esta \u00e9poca. A comercializa\u00e7\u00e3o da safra no estado j\u00e1 atinge 51%, abaixo da m\u00e9dia de 60,8%.&#13;\n<\/p>\n<p style=\"text-align:justify\">No cen\u00e1rio externo, os embarques dos EUA seguem firmes, com 1,66 milh\u00e3o de toneladas exportadas na semana encerrada em 05\/06. J\u00e1 o Brasil enfrenta retra\u00e7\u00e3o: apenas 39.920 toneladas de milho foram exportadas em maio, ante 413 mil no mesmo m\u00eas de 2024. A m\u00e9dia di\u00e1ria exportada em junho caiu 99,3% em rela\u00e7\u00e3o ao mesmo per\u00edodo do ano anterior.<\/p>\n<p style=\"text-align:justify\">Com os compradores retra\u00eddos e exporta\u00e7\u00f5es fracas, a tend\u00eancia \u00e9 de maior press\u00e3o sobre os pre\u00e7os nos pr\u00f3ximos meses. Produtores devem se preparar para um cen\u00e1rio mais desafiador, sobretudo se a demanda externa n\u00e3o reagir no segundo semestre.<\/p>\n<\/p><\/div>\n<\/p><\/div>\n<p><script data-cfasync=\"false\">\n    !function (f, b, e, v, n, t, s) {\n        if (f.fbq) return; n = f.fbq = function () {\n            n.callMethod ?\n                n.callMethod.apply(n, arguments) : n.queue.push(arguments)\n        };\n        if (!f._fbq) f._fbq = n; n.push = n; n.loaded = !0; n.version = '2.0';\n        n.queue = []; t = b.createElement(e); t.async = !0;\n        t.src = v; s = b.getElementsByTagName(e)[0];\n        s.parentNode.insertBefore(t, s)\n    }(window, document, 'script',\n        'https:\/\/connect.facebook.net\/en_US\/fbevents.js');\n    fbq('init', '522546078623747');\n    fbq('track', 'PageView');\n<\/script><br \/>\n<br \/><br \/>\n<br \/><a href=\"https:\/\/www.agrolink.com.br\/noticias\/milho--entrada-da-safrinha-pressiona-precos-e-reduz-ritmo-de-comercializacao_502884.html\">Source link <\/a><\/p>\n","protected":false},"excerpt":{"rendered":"<p>&#13; Excesso de oferta e os problemas log\u00edsticos est\u00e3o obrigando produtores a vender&#13; &#13; Agrolink&#13; &#13; &#8211; Aline Merladete&#13; &#13;<\/p>\n","protected":false},"author":1,"featured_media":7818,"comment_status":"open","ping_status":"open","sticky":false,"template":"","format":"standard","meta":{"_monsterinsights_skip_tracking":false,"_monsterinsights_sitenote_active":false,"_monsterinsights_sitenote_note":"","_monsterinsights_sitenote_category":0,"_uf_show_specific_survey":0,"_uf_disable_surveys":false,"footnotes":""},"categories":[8,1,14],"tags":[],"class_list":["post-15061","post","type-post","status-publish","format-standard","has-post-thumbnail","hentry","category-agro","category-news","category-politica-agro"],"_links":{"self":[{"href":"https:\/\/agromt.news\/index.php?rest_route=\/wp\/v2\/posts\/15061"}],"collection":[{"href":"https:\/\/agromt.news\/index.php?rest_route=\/wp\/v2\/posts"}],"about":[{"href":"https:\/\/agromt.news\/index.php?rest_route=\/wp\/v2\/types\/post"}],"author":[{"embeddable":true,"href":"https:\/\/agromt.news\/index.php?rest_route=\/wp\/v2\/users\/1"}],"replies":[{"embeddable":true,"href":"https:\/\/agromt.news\/index.php?rest_route=%2Fwp%2Fv2%2Fcomments&post=15061"}],"version-history":[{"count":0,"href":"https:\/\/agromt.news\/index.php?rest_route=\/wp\/v2\/posts\/15061\/revisions"}],"wp:featuredmedia":[{"embeddable":true,"href":"https:\/\/agromt.news\/index.php?rest_route=\/wp\/v2\/media\/7818"}],"wp:attachment":[{"href":"https:\/\/agromt.news\/index.php?rest_route=%2Fwp%2Fv2%2Fmedia&parent=15061"}],"wp:term":[{"taxonomy":"category","embeddable":true,"href":"https:\/\/agromt.news\/index.php?rest_route=%2Fwp%2Fv2%2Fcategories&post=15061"},{"taxonomy":"post_tag","embeddable":true,"href":"https:\/\/agromt.news\/index.php?rest_route=%2Fwp%2Fv2%2Ftags&post=15061"}],"curies":[{"name":"wp","href":"https:\/\/api.w.org\/{rel}","templated":true}]}}