{"id":15060,"date":"2025-06-14T04:54:27","date_gmt":"2025-06-14T08:54:27","guid":{"rendered":"https:\/\/agromt.news\/?p=15060"},"modified":"2025-06-14T04:54:27","modified_gmt":"2025-06-14T08:54:27","slug":"confira-a-previsao-de-hoje-6","status":"publish","type":"post","link":"https:\/\/agromt.news\/?p=15060","title":{"rendered":"confira a previs\u00e3o de hoje"},"content":{"rendered":"<p> <br \/>\n<br \/><img decoding=\"async\" src=\"https:\/\/agromt.news\/wp-content\/uploads\/2024\/10\/Frente-fria-e-chuva-de-200-mm-geram-alerta-para.jpg\" \/><\/p>\n<div>\n<p>O s\u00e1bado inicia com clima intenso no Sul e Centro-Oeste do Brasil. \u00c1reas de instabilidade vindas do Paraguai devem trazer tempestades e muita ventania aos estados das duas regi\u00f5es. Destaque tamb\u00e9m para chuva forte no Norte e Nordeste. Confira a previs\u00e3o completa:<\/p>\n<div data-icp-cta=\"1\" id=\"icp-cta-unique\">Voc\u00ea quer entender como usar o clima a seu favor?<b> <\/b><a href=\"https:\/\/climacampo.canalrural.com.br\/climacampo_-01\">Preparamos um e-book exclusivo<\/a> para ajudar produtores rurais a se antecipar \u00e0s mudan\u00e7as do tempo e planejar melhor suas a\u00e7\u00f5es. Com base em previs\u00f5es meteorol\u00f3gicas confi\u00e1veis, ele oferece orienta\u00e7\u00f5es pr\u00e1ticas para proteger sua lavoura e otimizar seus resultados.<\/div>\n<h2 class=\"wp-block-heading\" id=\"h-sul\">Sul<\/h2>\n<p>\u00c1reas de instabilidades vindas do Paraguai provocam mudan\u00e7a no tempo no Sul do Brasil e, al\u00e9m da presen\u00e7a das baixas temperaturas, a chuva volta a ser destaque, com risco de temporal entre <strong><a href=\"https:\/\/www.canalrural.com.br\/nacional\/rio-grande-do-sul\/\">Rio Grande do Sul<\/a><\/strong>, Santa Catarina e cidades do <strong><a href=\"https:\/\/www.canalrural.com.br\/nacional\/parana\/\">Paran\u00e1<\/a><\/strong>. Tempestades s\u00e3o esperadas para Florian\u00f3polis e Curitiba; Porto Alegre volta a ficar em alerta. Al\u00e9m das precipita\u00e7\u00f5es, o risco de ventania aumenta, com rajadas que podem se aproximar dos 100 km\/h.<\/p>\n<h2 class=\"wp-block-heading\" id=\"h-sudeste\">Sudeste<\/h2>\n<p>Tempo mais aberto, apesar das temperaturas ainda baixas pela manh\u00e3 entre S\u00e3o Paulo, Minas Gerais, Rio de Janeiro e Esp\u00edrito Santo, mas com a m\u00e1xima subindo um pouco mais \u00e0 tarde. Na capital paulista, a temperatura j\u00e1 volta a se aproximar dos 22\u00b0C e n\u00e3o chove. O tempo segue firme e seco no interior mineiro. Destaque para os term\u00f4metros subindo mais na cidade carioca, sem previs\u00e3o de chuva. Tempo firme em Vit\u00f3ria.<\/p>\n<h2 class=\"wp-block-heading\" id=\"h-centro-oeste\">Centro-Oeste<\/h2>\n<p>Risco de chuva aumenta em cidades do centro-sul de Mato Grosso do Sul pelas instabilidades do Paraguai. S\u00e1bado de sol entre nuvens e pancadas que podem ocorrer com for\u00e7a em munic\u00edpios como Navira\u00ed e Ponta Por\u00e3. Campo Grande pode receber chuva no final do dia e o tempo j\u00e1 fica um pouco mais inst\u00e1vel pelas instabilidades que descem um pouco mais do extremo noroeste de Mato Grosso. J\u00e1 Cuiab\u00e1, Goi\u00e2nia e Bras\u00edlia v\u00e3o continuar com o in\u00edcio de fim de semana de tempo aberto, firme e at\u00e9 mais seco.<\/p>\n<\/div>\n<div>\n<h2 class=\"wp-block-heading\" id=\"h-nordeste\">Nordeste<\/h2>\n<p>Chuva mais concentrada entre o litoral de Alagoas e do Sergipe, com alerta at\u00e9 mesmo para alguns temporais. A costa leste da <strong><a href=\"https:\/\/www.canalrural.com.br\/nacional\/bahia\/\">Bahia <\/a><\/strong>segue mais inst\u00e1vel. O dia ser\u00e1 mais abafado, com predom\u00ednio de muitas nuvens e condi\u00e7\u00e3o de pancadas moderadas. J\u00e1 no interior do Nordeste, tempo firme e muito seco, com calor\u00e3o entre a Bahia, o Piau\u00ed e Maranh\u00e3o. Destaque para a umidade abaixo dos 30% e pouca chuva entre S\u00e3o Lu\u00eds, Fortaleza e Natal.<\/p>\n<h2 class=\"wp-block-heading\" id=\"h-norte\">Norte<\/h2>\n<p>Norte do Brasil com alerta entre Amazonas, Roraima e Amap\u00e1: pancadas de chuva podem vir com for\u00e7a, trazendo risco de tempestades em Macap\u00e1, Manaus, Boa Vista e Bel\u00e9m. A chance \u00e9 de pouca chuva entre o Acre e Rond\u00f4nia e o tempo segue firme, muito seco, com destaque para o calor\u00e3o em todo o estado do Tocantins.<\/p>\n<\/p><\/div>\n<p><br \/>\n<br \/><a href=\"https:\/\/www.canalrural.com.br\/tempo\/tempestades-frio-e-ventania-de-100-km-h-confira-a-previsao-de-hoje\/\">Source link <\/a><\/p>\n","protected":false},"excerpt":{"rendered":"<p>O s\u00e1bado inicia com clima intenso no Sul e Centro-Oeste do Brasil. \u00c1reas de instabilidade vindas do Paraguai devem trazer<\/p>\n","protected":false},"author":1,"featured_media":3482,"comment_status":"open","ping_status":"open","sticky":false,"template":"","format":"standard","meta":{"_monsterinsights_skip_tracking":false,"_monsterinsights_sitenote_active":false,"_monsterinsights_sitenote_note":"","_monsterinsights_sitenote_category":0,"_uf_show_specific_survey":0,"_uf_disable_surveys":false,"footnotes":""},"categories":[1],"tags":[],"class_list":["post-15060","post","type-post","status-publish","format-standard","has-post-thumbnail","hentry","category-news"],"_links":{"self":[{"href":"https:\/\/agromt.news\/index.php?rest_route=\/wp\/v2\/posts\/15060"}],"collection":[{"href":"https:\/\/agromt.news\/index.php?rest_route=\/wp\/v2\/posts"}],"about":[{"href":"https:\/\/agromt.news\/index.php?rest_route=\/wp\/v2\/types\/post"}],"author":[{"embeddable":true,"href":"https:\/\/agromt.news\/index.php?rest_route=\/wp\/v2\/users\/1"}],"replies":[{"embeddable":true,"href":"https:\/\/agromt.news\/index.php?rest_route=%2Fwp%2Fv2%2Fcomments&post=15060"}],"version-history":[{"count":0,"href":"https:\/\/agromt.news\/index.php?rest_route=\/wp\/v2\/posts\/15060\/revisions"}],"wp:featuredmedia":[{"embeddable":true,"href":"https:\/\/agromt.news\/index.php?rest_route=\/wp\/v2\/media\/3482"}],"wp:attachment":[{"href":"https:\/\/agromt.news\/index.php?rest_route=%2Fwp%2Fv2%2Fmedia&parent=15060"}],"wp:term":[{"taxonomy":"category","embeddable":true,"href":"https:\/\/agromt.news\/index.php?rest_route=%2Fwp%2Fv2%2Fcategories&post=15060"},{"taxonomy":"post_tag","embeddable":true,"href":"https:\/\/agromt.news\/index.php?rest_route=%2Fwp%2Fv2%2Ftags&post=15060"}],"curies":[{"name":"wp","href":"https:\/\/api.w.org\/{rel}","templated":true}]}}