{"id":1506,"date":"2024-09-12T21:33:16","date_gmt":"2024-09-13T01:33:16","guid":{"rendered":"https:\/\/agromt.news\/?p=1506"},"modified":"2024-09-12T21:33:16","modified_gmt":"2024-09-13T01:33:16","slug":"com-baixa-no-mato-grosso-exportacoes-de-soja-sofrem-queda-de-28","status":"publish","type":"post","link":"https:\/\/agromt.news\/?p=1506","title":{"rendered":"Com baixa no Mato Grosso, exporta\u00e7\u00f5es de soja sofrem queda de 28%"},"content":{"rendered":"<p> <br \/>\n<\/p>\n<div>\n<div class=\"row\">\n<div class=\"col-lg col-infos mt-3 mt-lg-0\">\n<div class=\"section-sub-title\">\n<p itemprop=\"description\">\nExporta\u00e7\u00f5es de soja do Brasil totalizaram 8,04 milh\u00f5es de toneladas\n<\/p>\n<\/div>\n<div class=\"container\">\n<div class=\"row\">\n<div class=\"col-lg p-0\">\n<div>\n<div class=\"block-news-main-infos mt-3 text-start\">\n<strong class=\"fn\" itemprop=\"author\" style=\"color: rgb(112, 112, 112); \"><br \/>\n<a href=\"https:\/\/www.agrolink.com.br\/noticias\/javascript:;\" class=\"text-uppercase\" target=\"_blank\" style=\"color: rgb(112, 112, 112); \" rel=\"noopener\">Agrolink<\/a><br \/>\n&#8211; Aline Merladete<br \/>\n<\/strong><br \/>\n<br \/>\n<abbr><time datetime=\"2024-09-12T15:31\" itemprop=\"datePublished dateModified\">Publicado em 12\/09\/2024 \u00e0s 15:31h.<\/time><\/abbr>\n<\/div>\n<\/div>\n<\/div>\n<div class=\"col-lg p-0 text-lg-end\">\n<div>\n<div id=\"mdEnviarPagina\" class=\"modal fade\" role=\"dialog\">\n<div class=\"modal-dialog\">\n<div class=\"modal-content\">\n<div class=\"modal-body\">\n<p><strong>Estimado usu\u00e1rio.<\/strong><br \/>Preencha o formul\u00e1rio abaixo para remeter a p\u00e1gina.<\/p>\n<\/div>\n<\/div>\n<\/div>\n<\/div>\n<\/div>\n<\/div>\n<\/div>\n<\/div>\n<\/div>\n<\/div>\n<div class=\"row justify-content-md-center mt-3\">\n<div class=\"col-lg-auto col-image  block-news-main-image d-none d-md-block\">\n<img decoding=\"async\" src=\"https:\/\/www.agrolink.com.br\/upload\/imagens-resizes\/aa8bd3a7b478490dbc0e8a0f7a1e1427_858x483.jpg\" class=\"lazyload\"\/><br \/>\n<span class=\"publicity-photo d-block mt-1\">Foto: Leonardo Gottems<\/span>\n<\/div>\n<\/div>\n<div class=\"section-description section-description-noticias mt-3\">\n<p style=\"text-align:justify\">Segundo dados do Instituto Mato-grossense de Economia Agropecu\u00e1ria (Imea), as exporta\u00e7\u00f5es de <a href=\"https:\/\/www.agrolink.com.br\/culturas\/soja?utm_source=agrolink-detalhe-noticia&amp;utm_medium=detalhe-noticia&amp;utm_campaign=links-internos\" target=\"_blank\" rel=\"noopener\">soja<\/a> do Brasil totalizaram 8,04 milh\u00f5es de toneladas em agosto de 2024, representando uma queda de 28,51% em compara\u00e7\u00e3o ao m\u00eas anterior e de 4,11% em rela\u00e7\u00e3o ao mesmo per\u00edodo de 2023. Apesar da redu\u00e7\u00e3o, o volume exportado foi o segundo maior registrado para o m\u00eas de agosto, impulsionado principalmente pelos estados do Paran\u00e1 e Rio Grande do Sul.\n<\/p>\n<p style=\"text-align:justify\">Mato Grosso, tradicionalmente um dos maiores exportadores, participou com apenas 6,79% dos envios brasileiros em agosto, registrando sua menor participa\u00e7\u00e3o hist\u00f3rica para o per\u00edodo. Essa retra\u00e7\u00e3o se deve \u00e0 menor disponibilidade de <a href=\"https:\/\/www.agrolink.com.br\/culturas\/soja?utm_source=agrolink-detalhe-noticia&amp;utm_medium=detalhe-noticia&amp;utm_campaign=links-internos\" target=\"_blank\" rel=\"noopener\">soja<\/a> no estado e \u00e0 queda dos pre\u00e7os. O valor m\u00e9dio da tonelada exportada fechou em US$ 436,12, uma queda de 13,19% em rela\u00e7\u00e3o a agosto de 2023 e de 1,50% em compara\u00e7\u00e3o a julho de 2024.\n<\/p>\n<p style=\"text-align:justify\">Historicamente, h\u00e1 uma redu\u00e7\u00e3o nas exporta\u00e7\u00f5es de soja no segundo semestre. O Imea projeta que Mato Grosso encerrar\u00e1 2024 com 25,87 milh\u00f5es de toneladas exportadas, uma queda de 8,70% em rela\u00e7\u00e3o \u00e0 safra anterior (22\/23).<\/p>\n<\/div>\n<\/div>\n<p><script data-cfasync=\"false\">\n    !function (f, b, e, v, n, t, s) {\n        if (f.fbq) return; n = f.fbq = function () {\n            n.callMethod ?\n                n.callMethod.apply(n, arguments) : n.queue.push(arguments)\n        };\n        if (!f._fbq) f._fbq = n; n.push = n; n.loaded = !0; n.version = '2.0';\n        n.queue = []; t = b.createElement(e); t.async = !0;\n        t.src = v; s = b.getElementsByTagName(e)[0];\n        s.parentNode.insertBefore(t, s)\n    }(window, document, 'script',\n        'https:\/\/connect.facebook.net\/en_US\/fbevents.js');\n    fbq('init', '522546078623747');\n    fbq('track', 'PageView');\n<\/script><br \/>\n<br \/><br \/>\n<br \/><a href=\"https:\/\/www.agrolink.com.br\/noticias\/com-baixa-no-mato-grosso--exportacoes-de-soja-sofrem-queda-de-28-_494901.html\">Source link <\/a><\/p>\n","protected":false},"excerpt":{"rendered":"<p>Exporta\u00e7\u00f5es de soja do Brasil totalizaram 8,04 milh\u00f5es de toneladas Agrolink &#8211; Aline Merladete Publicado em 12\/09\/2024 \u00e0s 15:31h. Estimado<\/p>\n","protected":false},"author":1,"featured_media":1507,"comment_status":"open","ping_status":"open","sticky":false,"template":"","format":"standard","meta":{"_monsterinsights_skip_tracking":false,"_monsterinsights_sitenote_active":false,"_monsterinsights_sitenote_note":"","_monsterinsights_sitenote_category":0,"_uf_show_specific_survey":0,"_uf_disable_surveys":false,"footnotes":""},"categories":[8,1,14],"tags":[],"class_list":["post-1506","post","type-post","status-publish","format-standard","has-post-thumbnail","hentry","category-agro","category-news","category-politica-agro"],"_links":{"self":[{"href":"https:\/\/agromt.news\/index.php?rest_route=\/wp\/v2\/posts\/1506"}],"collection":[{"href":"https:\/\/agromt.news\/index.php?rest_route=\/wp\/v2\/posts"}],"about":[{"href":"https:\/\/agromt.news\/index.php?rest_route=\/wp\/v2\/types\/post"}],"author":[{"embeddable":true,"href":"https:\/\/agromt.news\/index.php?rest_route=\/wp\/v2\/users\/1"}],"replies":[{"embeddable":true,"href":"https:\/\/agromt.news\/index.php?rest_route=%2Fwp%2Fv2%2Fcomments&post=1506"}],"version-history":[{"count":0,"href":"https:\/\/agromt.news\/index.php?rest_route=\/wp\/v2\/posts\/1506\/revisions"}],"wp:featuredmedia":[{"embeddable":true,"href":"https:\/\/agromt.news\/index.php?rest_route=\/wp\/v2\/media\/1507"}],"wp:attachment":[{"href":"https:\/\/agromt.news\/index.php?rest_route=%2Fwp%2Fv2%2Fmedia&parent=1506"}],"wp:term":[{"taxonomy":"category","embeddable":true,"href":"https:\/\/agromt.news\/index.php?rest_route=%2Fwp%2Fv2%2Fcategories&post=1506"},{"taxonomy":"post_tag","embeddable":true,"href":"https:\/\/agromt.news\/index.php?rest_route=%2Fwp%2Fv2%2Ftags&post=1506"}],"curies":[{"name":"wp","href":"https:\/\/api.w.org\/{rel}","templated":true}]}}