{"id":15059,"date":"2025-06-14T03:34:49","date_gmt":"2025-06-14T07:34:49","guid":{"rendered":"https:\/\/agromt.news\/?p=15059"},"modified":"2025-06-14T03:34:49","modified_gmt":"2025-06-14T07:34:49","slug":"trigo-safra-menor-pressiona-estoques","status":"publish","type":"post","link":"https:\/\/agromt.news\/?p=15059","title":{"rendered":"Trigo: safra menor pressiona estoques"},"content":{"rendered":"<p> <br \/>\n<\/p>\n<div>\n<div class=\"row\">\n<div class=\"col-lg col-infos mt-0 mt-lg-0\">\n<div class=\"section-sub-title\">\n<p itemprop=\"description\">&#13;<br \/>\n                                Depend\u00eancia de importa\u00e7\u00f5es no Brasil \u00e9 ampliada&#13;\n                            <\/p>\n<\/p><\/div>\n<div class=\"container\">\n<div class=\"row\">\n<div class=\"col-lg p-0\">\n<div>\n<div class=\"block-news-main-infos mt-3 text-start\">\n<p>                                            <strong class=\"fn\" itemprop=\"author\" style=\"color: rgb(112, 112, 112); \">&#13;<br \/>\n                                                <a href=\"https:\/\/www.agrolink.com.br\/noticias\/javascript:;\" class=\"text-uppercase\" target=\"_blank\" style=\"color: rgb(112, 112, 112); \" rel=\"noopener\">Agrolink<\/a>&#13;<br \/>\n&#13;<br \/>\n                                                    &#8211; Aline Merladete&#13;<br \/>\n&#13;<br \/>\n                                            <\/strong><br \/>\n                                        <\/p>\n<p>                                            <abbr><time datetime=\"2025-06-13T10:55\" itemprop=\"datePublished dateModified\">Publicado em 13\/06\/2025 \u00e0s 10:55h.<\/time><\/abbr><br \/>\n                                            <\/p><\/div>\n<\/p><\/div>\n<\/p><\/div>\n<div class=\"col-lg p-0 text-lg-end\">\n<div>\n<div id=\"mdEnviarPagina\" class=\"modal fade\" role=\"dialog\">\n<div class=\"modal-dialog\">\n<div class=\"modal-content\">\n<div class=\"modal-body\">\n<p><strong>Estimado usu\u00e1rio.<\/strong><br \/>Preencha o formul\u00e1rio abaixo para remeter a p\u00e1gina.<\/p>\n<\/p><\/div>\n<\/p><\/div>\n<\/p><\/div>\n<\/div><\/div>\n<\/p><\/div>\n<\/p><\/div>\n<\/p><\/div>\n<\/p><\/div>\n<\/p><\/div>\n<div class=\"row justify-content-md-center mt-3\">\n<div class=\"col-lg-auto col-image block-news-main-image\">\n<p>                                <img decoding=\"async\" src=\"https:\/\/www.agrolink.com.br\/upload\/imagens-resizes\/bb48fbee03284a92be29bc48815d0cdb_858x483.jpg\" class=\"lazyload img-fluid\"\/><br \/>\n                                                <span class=\"publicity-photo d-block mt-1\">Foto: Divulga\u00e7\u00e3o<\/span><\/p><\/div>\n<\/p><\/div>\n<div class=\"section-description section-description-noticias mt-3\">\n<p style=\"text-align:justify\">A produ\u00e7\u00e3o brasileira de <a href=\"https:\/\/www.agrolink.com.br\/culturas\/trigo\/?utm_source=agrolink-detalhe-noticia&amp;utm_medium=detalhe-noticia&amp;utm_campaign=links-internos\" target=\"_blank\" rel=\"noopener\">trigo<\/a> deve cair de forma significativa em 2025. Segundo dados do CEEMA com base em estimativas da Conab, o pa\u00eds deve colher cerca de 8 milh\u00f5es de toneladas, enquanto analistas privados apontam para apenas 7,69 milh\u00f5es. Com isso, os estoques finais da safra 2025\/26 devem despencar para 255 mil toneladas, queda de 44,3% frente \u00e0 expectativa anterior.&#13;\n<\/p>\n<p style=\"text-align:justify\">O recuo na produ\u00e7\u00e3o se deve principalmente \u00e0 redu\u00e7\u00e3o na \u00e1rea plantada, influenciada por fatores clim\u00e1ticos e baixa rentabilidade observada nas \u00faltimas safras. Mesmo com pre\u00e7os relativamente atrativos \u2014 R$ 70,00\/saca no Rio Grande do Sul e R$ 80,00 no Paran\u00e1 \u2014 os produtores se mant\u00eam cautelosos.<\/p>\n<p style=\"text-align:justify\">A menor oferta interna refor\u00e7a a depend\u00eancia das importa\u00e7\u00f5es. Nos primeiros cinco meses de 2025, o Brasil importou 3,09 milh\u00f5es de toneladas de trigo, maior volume para o per\u00edodo desde 2001. No acumulado de 12 meses at\u00e9 maio, o total chega a quase 7 milh\u00f5es de toneladas, o maior desde 2019.&#13;\n<\/p>\n<p style=\"text-align:justify\">Enquanto isso, no mercado internacional, a cota\u00e7\u00e3o em Chicago recuou para US$ 5,26\/bushel. O relat\u00f3rio do USDA revelou estoques finais mundiais menores, projetados em 262,8 milh\u00f5es de toneladas. A produ\u00e7\u00e3o dos EUA foi estimada em 52,3 milh\u00f5es de toneladas, e a da Argentina em 20 milh\u00f5es.<\/p>\n<p style=\"text-align:justify\">Apesar da redu\u00e7\u00e3o dos estoques globais, os moinhos brasileiros n\u00e3o demonstram urg\u00eancia nas compras, j\u00e1 que ainda operam com estoques confort\u00e1veis, impulsionados pelas importa\u00e7\u00f5es da Argentina. A expectativa \u00e9 de que, no curto prazo, os pre\u00e7os se mantenham firmes, mas com risco de alta em caso de novos problemas clim\u00e1ticos na Am\u00e9rica do Sul.&#13;\n<\/p>\n<\/p><\/div>\n<\/p><\/div>\n<p><script data-cfasync=\"false\">\n    !function (f, b, e, v, n, t, s) {\n        if (f.fbq) return; n = f.fbq = function () {\n            n.callMethod ?\n                n.callMethod.apply(n, arguments) : n.queue.push(arguments)\n        };\n        if (!f._fbq) f._fbq = n; n.push = n; n.loaded = !0; n.version = '2.0';\n        n.queue = []; t = b.createElement(e); t.async = !0;\n        t.src = v; s = b.getElementsByTagName(e)[0];\n        s.parentNode.insertBefore(t, s)\n    }(window, document, 'script',\n        'https:\/\/connect.facebook.net\/en_US\/fbevents.js');\n    fbq('init', '522546078623747');\n    fbq('track', 'PageView');\n<\/script><br \/>\n<br \/><br \/>\n<br \/><a href=\"https:\/\/www.agrolink.com.br\/noticias\/trigo--safra-menor-pressiona-estoques_502885.html\">Source link <\/a><\/p>\n","protected":false},"excerpt":{"rendered":"<p>&#13; Depend\u00eancia de importa\u00e7\u00f5es no Brasil \u00e9 ampliada&#13; &#13; Agrolink&#13; &#13; &#8211; Aline Merladete&#13; &#13; Publicado em 13\/06\/2025 \u00e0s 10:55h.<\/p>\n","protected":false},"author":1,"featured_media":1951,"comment_status":"open","ping_status":"open","sticky":false,"template":"","format":"standard","meta":{"_monsterinsights_skip_tracking":false,"_monsterinsights_sitenote_active":false,"_monsterinsights_sitenote_note":"","_monsterinsights_sitenote_category":0,"_uf_show_specific_survey":0,"_uf_disable_surveys":false,"footnotes":""},"categories":[8,1,14],"tags":[],"class_list":["post-15059","post","type-post","status-publish","format-standard","has-post-thumbnail","hentry","category-agro","category-news","category-politica-agro"],"_links":{"self":[{"href":"https:\/\/agromt.news\/index.php?rest_route=\/wp\/v2\/posts\/15059"}],"collection":[{"href":"https:\/\/agromt.news\/index.php?rest_route=\/wp\/v2\/posts"}],"about":[{"href":"https:\/\/agromt.news\/index.php?rest_route=\/wp\/v2\/types\/post"}],"author":[{"embeddable":true,"href":"https:\/\/agromt.news\/index.php?rest_route=\/wp\/v2\/users\/1"}],"replies":[{"embeddable":true,"href":"https:\/\/agromt.news\/index.php?rest_route=%2Fwp%2Fv2%2Fcomments&post=15059"}],"version-history":[{"count":0,"href":"https:\/\/agromt.news\/index.php?rest_route=\/wp\/v2\/posts\/15059\/revisions"}],"wp:featuredmedia":[{"embeddable":true,"href":"https:\/\/agromt.news\/index.php?rest_route=\/wp\/v2\/media\/1951"}],"wp:attachment":[{"href":"https:\/\/agromt.news\/index.php?rest_route=%2Fwp%2Fv2%2Fmedia&parent=15059"}],"wp:term":[{"taxonomy":"category","embeddable":true,"href":"https:\/\/agromt.news\/index.php?rest_route=%2Fwp%2Fv2%2Fcategories&post=15059"},{"taxonomy":"post_tag","embeddable":true,"href":"https:\/\/agromt.news\/index.php?rest_route=%2Fwp%2Fv2%2Ftags&post=15059"}],"curies":[{"name":"wp","href":"https:\/\/api.w.org\/{rel}","templated":true}]}}