{"id":15058,"date":"2025-06-14T01:38:46","date_gmt":"2025-06-14T05:38:46","guid":{"rendered":"https:\/\/agromt.news\/?p=15058"},"modified":"2025-06-14T01:38:46","modified_gmt":"2025-06-14T05:38:46","slug":"tensoes-elevam-trigo-e-soja-nos-mercados-globais","status":"publish","type":"post","link":"https:\/\/agromt.news\/?p=15058","title":{"rendered":"Tens\u00f5es elevam trigo e soja nos mercados globais"},"content":{"rendered":"<p> <br \/>\n<\/p>\n<div>\n<p>Segundo a TF Agroecon\u00f4mica (Abertura dos Mercados &#8211; 13\/06\/25), o <a href=\"https:\/\/www.agrolink.com.br\/culturas\/trigo\/?utm_source=agrolink-detalhe-noticia&amp;utm_medium=detalhe-noticia&amp;utm_campaign=links-internos\" target=\"_blank\" rel=\"noopener\">trigo<\/a> abriu o dia em alta na CBOT, com o contrato julho\/25 cotado a US$ 531,25 (+4,75) e o dezembro\/25 a US$ 567,75 (+4,25). No mercado interno, o CEPEA aponta queda: Paran\u00e1 a R$ 1.503,06 (-0,86% no dia, -1,90% no m\u00eas) e Rio Grande do Sul a R$ 1.341,43 (-0,34% no dia, -1,61% no m\u00eas). O avan\u00e7o reflete a rea\u00e7\u00e3o do mercado \u00e0 guerra no Oriente M\u00e9dio, regi\u00e3o altamente dependente de importa\u00e7\u00f5es do cereal.\u00a0&#13;\n<\/p>\n<p>Para a soja, os contratos em Chicago tamb\u00e9m registraram recupera\u00e7\u00e3o: julho\/25 a US$ 531,25 (+4,75) e maio\/26 a US$ 597,75 (+3,75). No Brasil, o CEPEA marcou leve retra\u00e7\u00e3o, cotando a soja a R$ 134,26 (-0,09% no dia, -0,22% no m\u00eas). No Paraguai, o pre\u00e7o recuou 8,08%, fechando a US$ 350,98 em Assun\u00e7\u00e3o. O mercado reagiu ao ataque de Israel ao Ir\u00e3, que elevou o petr\u00f3leo e sustentou a alta do \u00f3leo bruto de soja, essencial para o biodiesel. Al\u00e9m disso, a EPA deve anunciar hoje cortes nos pre\u00e7os dos biocombust\u00edveis nos EUA, enquanto na Argentina a colheita recorde limita ganhos: a Bolsa de Cereais de Buenos Aires revisou a produ\u00e7\u00e3o para 50,30 milh\u00f5es de toneladas, acima dos 49 milh\u00f5es do USDA.&#13;\n<\/p>\n<p>J\u00e1 o milho opera em leve baixa em Chicago, cotado a US$ 435,50 (-3,0), enquanto na B3 o julho\/25 fechou em R$ 63,10 (-0,63%) e o janeiro\/26 em R$ 71,60 (-0,23%). O CEPEA aponta queda di\u00e1ria de 0,49%, para R$ 67,64. No Paraguai, os pre\u00e7os seguem est\u00e1veis entre US$ 165 (San Pedro) e US$ 195 (NE RS). A press\u00e3o negativa vem da expectativa de uma safra recorde nos EUA e da necessidade de clareza sobre tarifas comerciais.\u00a0<br \/>&#13;<br \/>\n\u00a0&#13;\n<\/p>\n<\/p><\/div>\n<p><script data-cfasync=\"false\">\n    !function (f, b, e, v, n, t, s) {\n        if (f.fbq) return; n = f.fbq = function () {\n            n.callMethod ?\n                n.callMethod.apply(n, arguments) : n.queue.push(arguments)\n        };\n        if (!f._fbq) f._fbq = n; n.push = n; n.loaded = !0; n.version = '2.0';\n        n.queue = []; t = b.createElement(e); t.async = !0;\n        t.src = v; s = b.getElementsByTagName(e)[0];\n        s.parentNode.insertBefore(t, s)\n    }(window, document, 'script',\n        'https:\/\/connect.facebook.net\/en_US\/fbevents.js');\n    fbq('init', '522546078623747');\n    fbq('track', 'PageView');\n<\/script><br \/>\n<br \/><br \/>\n<br \/><a href=\"https:\/\/www.agrolink.com.br\/noticias\/tensoes-elevam-trigo-e-soja-nos-mercados-globais_502886.html\">Source link <\/a><\/p>\n","protected":false},"excerpt":{"rendered":"<p>Segundo a TF Agroecon\u00f4mica (Abertura dos Mercados &#8211; 13\/06\/25), o trigo abriu o dia em alta na CBOT, com o<\/p>\n","protected":false},"author":1,"featured_media":5001,"comment_status":"open","ping_status":"open","sticky":false,"template":"","format":"standard","meta":{"_monsterinsights_skip_tracking":false,"_monsterinsights_sitenote_active":false,"_monsterinsights_sitenote_note":"","_monsterinsights_sitenote_category":0,"_uf_show_specific_survey":0,"_uf_disable_surveys":false,"footnotes":""},"categories":[8,1,14],"tags":[],"class_list":["post-15058","post","type-post","status-publish","format-standard","has-post-thumbnail","hentry","category-agro","category-news","category-politica-agro"],"_links":{"self":[{"href":"https:\/\/agromt.news\/index.php?rest_route=\/wp\/v2\/posts\/15058"}],"collection":[{"href":"https:\/\/agromt.news\/index.php?rest_route=\/wp\/v2\/posts"}],"about":[{"href":"https:\/\/agromt.news\/index.php?rest_route=\/wp\/v2\/types\/post"}],"author":[{"embeddable":true,"href":"https:\/\/agromt.news\/index.php?rest_route=\/wp\/v2\/users\/1"}],"replies":[{"embeddable":true,"href":"https:\/\/agromt.news\/index.php?rest_route=%2Fwp%2Fv2%2Fcomments&post=15058"}],"version-history":[{"count":0,"href":"https:\/\/agromt.news\/index.php?rest_route=\/wp\/v2\/posts\/15058\/revisions"}],"wp:featuredmedia":[{"embeddable":true,"href":"https:\/\/agromt.news\/index.php?rest_route=\/wp\/v2\/media\/5001"}],"wp:attachment":[{"href":"https:\/\/agromt.news\/index.php?rest_route=%2Fwp%2Fv2%2Fmedia&parent=15058"}],"wp:term":[{"taxonomy":"category","embeddable":true,"href":"https:\/\/agromt.news\/index.php?rest_route=%2Fwp%2Fv2%2Fcategories&post=15058"},{"taxonomy":"post_tag","embeddable":true,"href":"https:\/\/agromt.news\/index.php?rest_route=%2Fwp%2Fv2%2Ftags&post=15058"}],"curies":[{"name":"wp","href":"https:\/\/api.w.org\/{rel}","templated":true}]}}