{"id":15056,"date":"2025-06-13T23:40:42","date_gmt":"2025-06-14T03:40:42","guid":{"rendered":"https:\/\/agromt.news\/?p=15056"},"modified":"2025-06-13T23:40:42","modified_gmt":"2025-06-14T03:40:42","slug":"estrategias-integradas-sao-chave-para-controle-eficaz-da-planta-daninha","status":"publish","type":"post","link":"https:\/\/agromt.news\/?p=15056","title":{"rendered":"estrat\u00e9gias integradas s\u00e3o chave para controle eficaz da planta daninha"},"content":{"rendered":"<p> <br \/>\n<\/p>\n<div>\n<p style=\"text-align:justify\">A presen\u00e7a do caruru (Amaranthus spp.) nas lavouras de <a href=\"https:\/\/www.agrolink.com.br\/culturas\/soja?utm_source=agrolink-detalhe-noticia&amp;utm_medium=detalhe-noticia&amp;utm_campaign=links-internos\" target=\"_blank\" rel=\"noopener\">soja<\/a> brasileiras tem se consolidado como um dos maiores desafios fitossanit\u00e1rios enfrentados pelos produtores. Com alto potencial competitivo, r\u00e1pida capacidade de dissemina\u00e7\u00e3o e resist\u00eancia crescente a diversos mecanismos de a\u00e7\u00e3o de herbicidas, a planta daninha pode causar perdas superiores a 50% na produtividade se n\u00e3o for controlada de forma adequada.&#13;\n<\/p>\n<p style=\"text-align:justify\">O controle efetivo do caruru exige a ado\u00e7\u00e3o de um manejo integrado, que envolva pr\u00e1ticas preventivas, culturais, mec\u00e2nicas e qu\u00edmicas. Essa abordagem \u00e9 fundamental para reduzir a press\u00e3o de sele\u00e7\u00e3o por resist\u00eancia e manter a sustentabilidade da produ\u00e7\u00e3o agr\u00edcola.<\/p>\n<p style=\"text-align:justify\"><strong>Rota\u00e7\u00e3o de culturas e plantas de cobertura no combate ao caruru<\/strong><\/p>\n<p style=\"text-align:justify\">A rota\u00e7\u00e3o de culturas \u00e9 uma das estrat\u00e9gias mais eficazes no controle do caruru. A altern\u00e2ncia da soja com culturas como milho, trigo ou pastagens interrompe o ciclo de vida da planta daninha, reduzindo sua presen\u00e7a no solo. Al\u00e9m disso, o uso de plantas de cobertura, como o azev\u00e9m durante o inverno, promove o sombreamento do solo e inibe a emerg\u00eancia de novas plantas.<\/p>\n<p style=\"text-align:justify\">O plantio consorciado, como milho com braqui\u00e1ria, e a antecipa\u00e7\u00e3o da semeadura para per\u00edodos com menor emerg\u00eancia do caruru tamb\u00e9m s\u00e3o pr\u00e1ticas que complementam o controle cultural da esp\u00e9cie.<\/p>\n<p style=\"text-align:justify\"><strong>Herbicidas: uso criterioso e aten\u00e7\u00e3o \u00e0 resist\u00eancia<\/strong><\/p>\n<p style=\"text-align:justify\">O controle qu\u00edmico ainda \u00e9 uma das principais ferramentas no manejo do caruru, sendo recomendado o uso combinado de herbicidas pr\u00e9-emergentes e p\u00f3s-emergentes. O sucesso da aplica\u00e7\u00e3o depende do est\u00e1dio de desenvolvimento da planta daninha \u2014 com maior efic\u00e1cia em aplica\u00e7\u00f5es realizadas entre 2 e 4 folhas.&#13;\n<\/p>\n<p style=\"text-align:justify\">Entretanto, o uso cont\u00ednuo de ingredientes ativos com o mesmo mecanismo de a\u00e7\u00e3o tem levado ao surgimento de popula\u00e7\u00f5es resistentes. No Brasil, j\u00e1 h\u00e1 registro de resist\u00eancia ao glifosato, inibidores da ALS, Protox e Fotossistema II em diferentes esp\u00e9cies de caruru. Por isso, a rota\u00e7\u00e3o e associa\u00e7\u00e3o de mecanismos de a\u00e7\u00e3o s\u00e3o pr\u00e1ticas indispens\u00e1veis para prolongar a vida \u00fatil dos herbicidas dispon\u00edveis no mercado.<\/p>\n<p style=\"text-align:justify\"><strong>Boas pr\u00e1ticas agr\u00edcolas complementam o controle<\/strong><\/p>\n<p style=\"text-align:justify\">Al\u00e9m do manejo qu\u00edmico e cultural, pr\u00e1ticas como a limpeza de m\u00e1quinas e implementos agr\u00edcolas s\u00e3o essenciais para evitar a introdu\u00e7\u00e3o e dissemina\u00e7\u00e3o de sementes de caruru entre talh\u00f5es e propriedades. A utiliza\u00e7\u00e3o de sementes certificadas, a elimina\u00e7\u00e3o de plantas sobreviventes e o cuidado com a entrada de animais em \u00e1reas produtivas tamb\u00e9m integram o conjunto de medidas preventivas.<\/p>\n<p style=\"text-align:justify\"><strong>Manejo antecipado \u00e9 fundamental para conter o avan\u00e7o<\/strong><\/p>\n<p style=\"text-align:justify\">A estrat\u00e9gia mais eficaz contra o caruru come\u00e7a antes mesmo do plantio. A ado\u00e7\u00e3o de herbicidas residuais, associada a boas pr\u00e1ticas agr\u00edcolas e culturais, oferece um controle mais duradouro e reduz a emerg\u00eancia de novas plantas durante o ciclo da cultura.&#13;\n<\/p>\n<p style=\"text-align:justify\">\u00a0<\/p>\n<\/p><\/div>\n<p><script data-cfasync=\"false\">\n    !function (f, b, e, v, n, t, s) {\n        if (f.fbq) return; n = f.fbq = function () {\n            n.callMethod ?\n                n.callMethod.apply(n, arguments) : n.queue.push(arguments)\n        };\n        if (!f._fbq) f._fbq = n; n.push = n; n.loaded = !0; n.version = '2.0';\n        n.queue = []; t = b.createElement(e); t.async = !0;\n        t.src = v; s = b.getElementsByTagName(e)[0];\n        s.parentNode.insertBefore(t, s)\n    }(window, document, 'script',\n        'https:\/\/connect.facebook.net\/en_US\/fbevents.js');\n    fbq('init', '522546078623747');\n    fbq('track', 'PageView');\n<\/script><br \/>\n<br \/><br \/>\n<br \/><a href=\"https:\/\/www.agrolink.com.br\/noticias\/caruru-na-soja--estrategias-integradas-sao-chave-para-controle-eficaz-da-planta-daninha_502887.html\">Source link <\/a><\/p>\n","protected":false},"excerpt":{"rendered":"<p>A presen\u00e7a do caruru (Amaranthus spp.) nas lavouras de soja brasileiras tem se consolidado como um dos maiores desafios fitossanit\u00e1rios<\/p>\n","protected":false},"author":1,"featured_media":15057,"comment_status":"open","ping_status":"open","sticky":false,"template":"","format":"standard","meta":{"_monsterinsights_skip_tracking":false,"_monsterinsights_sitenote_active":false,"_monsterinsights_sitenote_note":"","_monsterinsights_sitenote_category":0,"_uf_show_specific_survey":0,"_uf_disable_surveys":false,"footnotes":""},"categories":[8,1,14],"tags":[],"class_list":["post-15056","post","type-post","status-publish","format-standard","has-post-thumbnail","hentry","category-agro","category-news","category-politica-agro"],"_links":{"self":[{"href":"https:\/\/agromt.news\/index.php?rest_route=\/wp\/v2\/posts\/15056"}],"collection":[{"href":"https:\/\/agromt.news\/index.php?rest_route=\/wp\/v2\/posts"}],"about":[{"href":"https:\/\/agromt.news\/index.php?rest_route=\/wp\/v2\/types\/post"}],"author":[{"embeddable":true,"href":"https:\/\/agromt.news\/index.php?rest_route=\/wp\/v2\/users\/1"}],"replies":[{"embeddable":true,"href":"https:\/\/agromt.news\/index.php?rest_route=%2Fwp%2Fv2%2Fcomments&post=15056"}],"version-history":[{"count":0,"href":"https:\/\/agromt.news\/index.php?rest_route=\/wp\/v2\/posts\/15056\/revisions"}],"wp:featuredmedia":[{"embeddable":true,"href":"https:\/\/agromt.news\/index.php?rest_route=\/wp\/v2\/media\/15057"}],"wp:attachment":[{"href":"https:\/\/agromt.news\/index.php?rest_route=%2Fwp%2Fv2%2Fmedia&parent=15056"}],"wp:term":[{"taxonomy":"category","embeddable":true,"href":"https:\/\/agromt.news\/index.php?rest_route=%2Fwp%2Fv2%2Fcategories&post=15056"},{"taxonomy":"post_tag","embeddable":true,"href":"https:\/\/agromt.news\/index.php?rest_route=%2Fwp%2Fv2%2Ftags&post=15056"}],"curies":[{"name":"wp","href":"https:\/\/api.w.org\/{rel}","templated":true}]}}