{"id":15048,"date":"2025-06-13T18:55:21","date_gmt":"2025-06-13T22:55:21","guid":{"rendered":"https:\/\/agromt.news\/?p=15048"},"modified":"2025-06-13T18:55:21","modified_gmt":"2025-06-13T22:55:21","slug":"veja-como-os-precos-da-arroba-encerraram-a-semana","status":"publish","type":"post","link":"https:\/\/agromt.news\/?p=15048","title":{"rendered":"veja como os pre\u00e7os da arroba encerraram a semana"},"content":{"rendered":"<p> <br \/>\n<br \/><img decoding=\"async\" src=\"https:\/\/agromt.news\/wp-content\/uploads\/2025\/02\/veja-os-precos-deste-inicio-de-semana.jpg\" \/><\/p>\n<div>\n<p>O mercado f\u00edsico do boi gordo volta a apresentar eleva\u00e7\u00e3o dos pre\u00e7os no decorrer da sexta-feira (13). <\/p>\n<p>Segundo o analista da consultoria Safras &amp; Mercado Fernando Henrique Iglesias, o ambiente de neg\u00f3cios volta a sugerir por novos reajustes no curto prazo, em linha com o atual posicionamento das escalas de abate (entre cinco e sete dias \u00fateis na m\u00e9dia nacional). <\/p>\n<p>\u201cA oferta de animais apresenta diminui\u00e7\u00e3o ap\u00f3s as boas chuvas no Centro-Norte do pa\u00eds durante a primeira quinzena de junho, melhorando as condi\u00e7\u00f5es das pastagens. Outro aspecto a ser mencionado \u00e9 que as <strong><a href=\"https:\/\/www.canalrural.com.br\/tag\/exportacoes\/\">exporta\u00e7\u00f5es<\/a><\/strong> permanecem em \u00f3timo n\u00edvel no decorrer do ano, sendo o grande fator de demanda\u201d, disse.<\/p>\n<h2 class=\"wp-block-heading\" id=\"h-precos-medios-da-arroba-do-boi\">Pre\u00e7os m\u00e9dios da arroba do boi<\/h2>\n<ul class=\"wp-block-list\">\n<li><strong>S\u00e3o Paulo:<\/strong> R$ 322,25 \u2014 ontem: R$ 319,92<\/li>\n<li><strong>Goi\u00e1s:<\/strong> R$ 304,29 \u2014 na quinta: R$ 303,39  <\/li>\n<li><strong>Minas Gerais:<\/strong> R$ 311,76 \u2014 anteriormente: R$ 310,29<\/li>\n<li><strong>Mato Grosso do Sul:<\/strong> R$ 318,64 \u2014 ontem: R$ 318,18<\/li>\n<li><strong>Mato Grosso:<\/strong> R$ 316,96 \u2014 na quinta: R$ 315,47<\/li>\n<\/ul>\n<h2 class=\"wp-block-heading\" id=\"h-mercado-atacadista\">Mercado atacadista<\/h2>\n<p>O mercado atacadista encerra a semana apresentando acomoda\u00e7\u00e3o em seus pre\u00e7os. Segundo Iglesias, a expectativa \u00e9 de menor propens\u00e3o a reajustes durante a segunda quinzena do m\u00eas, per\u00edodo pautado por menor apelo ao consumo. <\/p>\n<\/div>\n<div>\n<p>\u00c9 importante destacar que prote\u00ednas mais acess\u00edveis ainda contam com a prefer\u00eancia da popula\u00e7\u00e3o no decorrer do ano, consequ\u00eancia do baixo poder de compra.\u201d<\/p>\n<p>O quarto traseiro segue no patamar de R$ 24,50 por quilo, o dianteiro ainda \u00e9 cotado a R$ 19,50 por quilo e a ponta de agulha permanece no patamar de R$ 18,50, por quilo.<\/p>\n<h2 class=\"wp-block-heading\" id=\"h-cambio\">C\u00e2mbio<\/h2>\n<p>O d\u00f3lar comercial encerrou a sess\u00e3o em queda de 0,03%, sendo negociado a R$ 5,5408 para venda e a R$ 5,5388 para compra. Durante o dia, a moeda norte-americana oscilou entre a m\u00ednima de R$ 5,5302 e a m\u00e1xima de R$ 5,5937. Na semana, a moeda teve desvaloriza\u00e7\u00e3o de 0,51%.<\/p>\n<\/p><\/div>\n<p><br \/>\n<br \/><a href=\"https:\/\/www.canalrural.com.br\/pecuaria\/boi-gordo-veja-como-os-precos-da-arroba-encerraram-a-semana\/\">Source link <\/a><\/p>\n","protected":false},"excerpt":{"rendered":"<p>O mercado f\u00edsico do boi gordo volta a apresentar eleva\u00e7\u00e3o dos pre\u00e7os no decorrer da sexta-feira (13). Segundo o analista<\/p>\n","protected":false},"author":1,"featured_media":10109,"comment_status":"open","ping_status":"open","sticky":false,"template":"","format":"standard","meta":{"_monsterinsights_skip_tracking":false,"_monsterinsights_sitenote_active":false,"_monsterinsights_sitenote_note":"","_monsterinsights_sitenote_category":0,"_uf_show_specific_survey":0,"_uf_disable_surveys":false,"footnotes":""},"categories":[1],"tags":[],"class_list":["post-15048","post","type-post","status-publish","format-standard","has-post-thumbnail","hentry","category-news"],"_links":{"self":[{"href":"https:\/\/agromt.news\/index.php?rest_route=\/wp\/v2\/posts\/15048"}],"collection":[{"href":"https:\/\/agromt.news\/index.php?rest_route=\/wp\/v2\/posts"}],"about":[{"href":"https:\/\/agromt.news\/index.php?rest_route=\/wp\/v2\/types\/post"}],"author":[{"embeddable":true,"href":"https:\/\/agromt.news\/index.php?rest_route=\/wp\/v2\/users\/1"}],"replies":[{"embeddable":true,"href":"https:\/\/agromt.news\/index.php?rest_route=%2Fwp%2Fv2%2Fcomments&post=15048"}],"version-history":[{"count":0,"href":"https:\/\/agromt.news\/index.php?rest_route=\/wp\/v2\/posts\/15048\/revisions"}],"wp:featuredmedia":[{"embeddable":true,"href":"https:\/\/agromt.news\/index.php?rest_route=\/wp\/v2\/media\/10109"}],"wp:attachment":[{"href":"https:\/\/agromt.news\/index.php?rest_route=%2Fwp%2Fv2%2Fmedia&parent=15048"}],"wp:term":[{"taxonomy":"category","embeddable":true,"href":"https:\/\/agromt.news\/index.php?rest_route=%2Fwp%2Fv2%2Fcategories&post=15048"},{"taxonomy":"post_tag","embeddable":true,"href":"https:\/\/agromt.news\/index.php?rest_route=%2Fwp%2Fv2%2Ftags&post=15048"}],"curies":[{"name":"wp","href":"https:\/\/api.w.org\/{rel}","templated":true}]}}