{"id":15043,"date":"2025-06-13T17:50:58","date_gmt":"2025-06-13T21:50:58","guid":{"rendered":"https:\/\/agromt.news\/?p=15043"},"modified":"2025-06-13T17:50:58","modified_gmt":"2025-06-13T21:50:58","slug":"inmet-preve-chuvas-intensas-no-norte-e-frio-extremo-no-sul","status":"publish","type":"post","link":"https:\/\/agromt.news\/?p=15043","title":{"rendered":"Inmet prev\u00ea chuvas intensas no Norte e frio extremo no Sul"},"content":{"rendered":"<p> <br \/>\n<\/p>\n<div>\n<p style=\"text-align:justify\">A previs\u00e3o do tempo para a semana de 9 a 16 de junho indica um cen\u00e1rio clim\u00e1tico contrastante no Brasil, com destaque para chuvas volumosas na Regi\u00e3o Norte e queda acentuada nas temperaturas no centro-sul do pa\u00eds. Segundo informa\u00e7\u00f5es divulgadas pelo Instituto Nacional de Meteorologia (Inmet), os acumulados de chuva podem ultrapassar os 60 mm em estados como Amazonas, Roraima, Amap\u00e1 e noroeste do Par\u00e1.&#13;\n<\/p>\n<p style=\"text-align:justify\">O boletim meteorol\u00f3gico aponta que, al\u00e9m do Norte, h\u00e1 previs\u00e3o de chuvas entre 20 e 40 mm em \u00e1reas do leste do Nordeste, na divisa entre S\u00e3o Paulo e Minas Gerais, no sudoeste do Paran\u00e1, oeste de Santa Catarina e tamb\u00e9m no Rio Grande do Sul. Essas chuvas, no entanto, devem ser mais isoladas, com destaque para \u00e1reas espec\u00edficas, segundo o Inmet.<\/p>\n<p style=\"text-align:justify\"><a href=\"https:\/\/www.agrolink.com.br\/agrotempo?utm_source=agrolink-detalhe-noticia&amp;utm_medium=detalhe-noticia&amp;utm_campaign=links-internos\" target=\"_blank\" rel=\"noopener\">Clique aqui e acesse AGROTEMPO<\/a><\/p>\n<p style=\"text-align:justify\">Na Regi\u00e3o Nordeste, o tempo deve permanecer predominantemente seco no interior. As exce\u00e7\u00f5es ficam para \u00e1reas litor\u00e2neas da Bahia, Sergipe e Alagoas, onde os volumes podem ultrapassar os 20 mm. J\u00e1 no interior nordestino, a tend\u00eancia \u00e9 de tempo aberto, com poucas chances de precipita\u00e7\u00e3o significativa.&#13;\n<\/p>\n<p style=\"text-align:justify\">As regi\u00f5es Sudeste e Centro-Oeste tamb\u00e9m ter\u00e3o influ\u00eancia de instabilidades pontuais. A previs\u00e3o indica chuvas em \u00e1reas do sul de Goi\u00e1s, leste e sul de Mato Grosso do Sul, norte e leste de S\u00e3o Paulo, sul de Minas Gerais e no estado do Rio de Janeiro. Nesses locais, os volumes podem superar os 20 mm, especialmente no in\u00edcio da semana.<\/p>\n<p style=\"text-align:justify\">O destaque na Regi\u00e3o Sul ser\u00e1 a queda nas temperaturas. A chegada de uma massa de ar frio provocar\u00e1 decl\u00ednio acentuado nos term\u00f4metros. Conforme o Inmet, as m\u00ednimas devem se aproximar de 0\u00b0C em \u00e1reas do Sul, com possibilidade de forma\u00e7\u00e3o de geadas, especialmente em regi\u00f5es serranas e de maior altitude.&#13;\n<\/p>\n<p style=\"text-align:justify\">O restante da Regi\u00e3o Sul ter\u00e1 tempo mais est\u00e1vel at\u00e9 o fim da semana, com chuvas isoladas apenas no leste de Santa Catarina e do Paran\u00e1. A combina\u00e7\u00e3o de frio intenso e baixa umidade aumenta o risco de impactos na agricultura, o que exige aten\u00e7\u00e3o redobrada dos produtores rurais quanto \u00e0s condi\u00e7\u00f5es meteorol\u00f3gicas e medidas de prote\u00e7\u00e3o \u00e0s lavouras sens\u00edveis ao frio.<\/p>\n<\/p><\/div>\n<p><script data-cfasync=\"false\">\n    !function (f, b, e, v, n, t, s) {\n        if (f.fbq) return; n = f.fbq = function () {\n            n.callMethod ?\n                n.callMethod.apply(n, arguments) : n.queue.push(arguments)\n        };\n        if (!f._fbq) f._fbq = n; n.push = n; n.loaded = !0; n.version = '2.0';\n        n.queue = []; t = b.createElement(e); t.async = !0;\n        t.src = v; s = b.getElementsByTagName(e)[0];\n        s.parentNode.insertBefore(t, s)\n    }(window, document, 'script',\n        'https:\/\/connect.facebook.net\/en_US\/fbevents.js');\n    fbq('init', '522546078623747');\n    fbq('track', 'PageView');\n<\/script><br \/>\n<br \/><br \/>\n<br \/><a href=\"https:\/\/www.agrolink.com.br\/noticias\/inmet-preve-chuvas-intensas-no-norte-e-frio-extremo-no-sul_502890.html\">Source link <\/a><\/p>\n","protected":false},"excerpt":{"rendered":"<p>A previs\u00e3o do tempo para a semana de 9 a 16 de junho indica um cen\u00e1rio clim\u00e1tico contrastante no Brasil,<\/p>\n","protected":false},"author":1,"featured_media":3831,"comment_status":"open","ping_status":"open","sticky":false,"template":"","format":"standard","meta":{"_monsterinsights_skip_tracking":false,"_monsterinsights_sitenote_active":false,"_monsterinsights_sitenote_note":"","_monsterinsights_sitenote_category":0,"_uf_show_specific_survey":0,"_uf_disable_surveys":false,"footnotes":""},"categories":[8,1,14],"tags":[],"class_list":["post-15043","post","type-post","status-publish","format-standard","has-post-thumbnail","hentry","category-agro","category-news","category-politica-agro"],"_links":{"self":[{"href":"https:\/\/agromt.news\/index.php?rest_route=\/wp\/v2\/posts\/15043"}],"collection":[{"href":"https:\/\/agromt.news\/index.php?rest_route=\/wp\/v2\/posts"}],"about":[{"href":"https:\/\/agromt.news\/index.php?rest_route=\/wp\/v2\/types\/post"}],"author":[{"embeddable":true,"href":"https:\/\/agromt.news\/index.php?rest_route=\/wp\/v2\/users\/1"}],"replies":[{"embeddable":true,"href":"https:\/\/agromt.news\/index.php?rest_route=%2Fwp%2Fv2%2Fcomments&post=15043"}],"version-history":[{"count":0,"href":"https:\/\/agromt.news\/index.php?rest_route=\/wp\/v2\/posts\/15043\/revisions"}],"wp:featuredmedia":[{"embeddable":true,"href":"https:\/\/agromt.news\/index.php?rest_route=\/wp\/v2\/media\/3831"}],"wp:attachment":[{"href":"https:\/\/agromt.news\/index.php?rest_route=%2Fwp%2Fv2%2Fmedia&parent=15043"}],"wp:term":[{"taxonomy":"category","embeddable":true,"href":"https:\/\/agromt.news\/index.php?rest_route=%2Fwp%2Fv2%2Fcategories&post=15043"},{"taxonomy":"post_tag","embeddable":true,"href":"https:\/\/agromt.news\/index.php?rest_route=%2Fwp%2Fv2%2Ftags&post=15043"}],"curies":[{"name":"wp","href":"https:\/\/api.w.org\/{rel}","templated":true}]}}